{"id":689,"date":"2024-03-16T18:37:07","date_gmt":"2022-03-15T14:39:22","guid":{"rendered":"https:\/\/mirjamwalter.com\/de\/texte-von\/she-reset-herself-text-2\/"},"modified":"2024-03-16T18:46:05","modified_gmt":"2024-03-16T17:46:05","slug":"an-image-is-powerful-because-of-everything-it-takes-away-from-the-viewer-text","status":"publish","type":"post","link":"https:\/\/mirjamwalter.com\/de\/texte-von\/an-image-is-powerful-because-of-everything-it-takes-away-from-the-viewer-text\/","title":{"rendered":"an image is powerful because of everything it takes away from the viewer (2021) Text"},"content":{"rendered":"","protected":false},"excerpt":{"rendered":"","protected":false},"author":1,"featured_media":305,"comment_status":"closed","ping_status":"closed","sticky":false,"template":"","format":"standard","meta":[],"categories":[22,21],"tags":[],"class_list":["post-689","post","type-post","status-publish","has-post-thumbnail","hentry","category-texte","category-texte-von"],"grid":"{\r\n  \"colCount\": 18,\r\n  \"colGutter\": 1,\r\n  \"rowGutters\": [],\r\n  \"frameMargin\": 5,\r\n  \"leftFrameMargin\": 25,\r\n  \"rightFrameMargin\": 25,\r\n  \"topFrameMargin\": 175,\r\n  \"bottomFrameMargin\": 175,\r\n  \"rowAttrs\": [\r\n    {}\r\n  ],\r\n  \"bgColor\": \"#ffffff\",\r\n  \"cont\": [\r\n    {\r\n      \"type\": \"text\",\r\n      \"cont\": \"<h1 class=\\\"_Ueberschrift\\\" style=\\\"text-align: left;\\\">an image is powerful because of everything it takes away from the viewer (2021)<\/h1><p>Mirjam Walter<\/p><p>\u00a0<\/p><p>\u00a0<\/p><p class=\\\"_Default\\\">Der gr\u00f6\u00dfte Teil des Bildes ist Himmel. Der Himmel ist bewegt und bew\u00f6lkt. Im unteren Teil des Bildes verlaufen die Pinselstriche horizontal, der obere Teil des Himmels ist kreisend gemalt. Der obere Teil dru\u0308ckt von rechts nach links entgegen die tieferliegenden Rosa, Rot- und Braunt\u00f6ne der Abendstimmung. Der Horizont verschwimmt mit der Landschaft. Vielleicht gibt es dort Hu\u0308gel, die der Nebel unkenntlich macht \u2026 Dieser Bereich ist trotz der durchg\u00e4ngig horizontalen Pinselfu\u0308hrung unruhig. Ungekl\u00e4rt. Leicht unterhalb der Bildmitte ist der Himmel rot, als w\u00e4re dort eine \u00d6ffnung, eine offene Wunde zwischen Himmel und Erde. Rechts davon B\u00e4ume, die in den Himmel hinein ragen: Pappeln. Rechts von den Pappeln geht die \u00d6ffnung in ein dickes und z\u00e4hes Braun u\u0308ber.<\/p><p class=\\\"_Einzug\\\">Die Malerei hat Eile. Die Sonne ist bereits untergegangen.<\/p><p class=\\\"_Einzug\\\">Ganz unten ist es feucht, moorig. Die B\u00e4ume spiegeln sich in der Pfu\u0308tze, deren R\u00e4nder gebrochen sind. Die Wiese ist aufgerissen. Der Himmel f\u00e4rbt das Wasser in einem schmutzigen und weichem rosa. Dir wu\u0308rde hier sehr viel Matsch an deinen Schuhen kleben bleiben.<\/p><p class=\\\"_Einzug\\\">Weiter hinten grasen Ku\u0308he. Sie sind so klein im Verh\u00e4ltnis zur Landschaft. Es gibt drei Gru\u0308ppchen und eine Einzelg\u00e4ngerin. Vielleicht sind in der Ferne noch welche: drei wei\u00dfe Punkte. Der ganze Horizont ist tupfend gemalt.<\/p><p class=\\\"_Einzug\\\">Die B\u00e4ume sind die gr\u00f6\u00dfte Lust. Der Pinsel hat vermutlich nur leicht das z\u00e4he Braun an der Spitze aufgenommen und wurde danach in \u00d6l getaucht, sodass ein unregelm\u00e4\u00dfiger Farbauftrag in einer flu\u0308ssig gleitenden Bewegung m\u00f6glich ist. Diese explosive Bewegung beginnt im unteren Drittel des Stammes.<\/p><p class=\\\"_Einzug\\\">Die du\u0308nnste Pappel ist eine einzige lockere Bewegung.<\/p><p class=\\\"_Einzug\\\">Die Landschaft ist so schwer und die Malweise so selbstverst\u00e4ndlich. Wie ein Fleischgericht in einem deutschen Restaurant auf dem Land. Etwas dru\u0308ckt so sehr, dass es nicht zum Aushalten ist.<\/p><p class=\\\"_Einzug\\\">Die Landschaft kennt deinen Schmerz nicht und teilt ihn trotzdem mit dir.<\/p><p class=\\\"_Einzug\\\">Machen die Ku\u0308he Ger\u00e4usche? Sie scheinen ruhig und satt.<\/p><p class=\\\"_Einzug\\\">Es gibt keine Menschen. Es gibt Lichtreste. Die Sonne war noch vor kurzem in den Pfu\u0308tzen, in den dreckigen Krusten, den Rissen, den trockenen Momenten der Landschaft. Sie war da, mit einem warmen, gelben Licht.<\/p><p>\u00a0<\/p><p>\u00a0<\/p><p class=\\\"_Bildunterschrift\\\">Mih\u00e1ly Munk\u00e1csy: <span class=\\\"_Bildunterschrift_Kursiv\\\">Landschaft mit Viehherde bei Jouy-en-Josas am Abend,<\/span> 1881, \u00d6l auf Mahagoniholz, 92,5 x 130 cm, Hamburger Kunsthalle.<\/p>\",\r\n      \"align\": \"top\",\r\n      \"row\": 0,\r\n      \"col\": 4,\r\n      \"colspan\": 10,\r\n      \"offsetx\": 0,\r\n      \"offsety\": 0,\r\n      \"spaceabove\": 0,\r\n      \"spacebelow\": 0,\r\n      \"yvel\": 1,\r\n      \"push\": 4,\r\n      \"relid\": 4,\r\n      \"frameOverflow\": \"\",\r\n      \"absolute_position\": false\r\n    }\r\n  ]\r\n}","phonegrid":"","_links":{"self":[{"href":"https:\/\/mirjamwalter.com\/de\/wp-json\/wp\/v2\/posts\/689","targetHints":{"allow":["GET"]}}],"collection":[{"href":"https:\/\/mirjamwalter.com\/de\/wp-json\/wp\/v2\/posts"}],"about":[{"href":"https:\/\/mirjamwalter.com\/de\/wp-json\/wp\/v2\/types\/post"}],"author":[{"embeddable":true,"href":"https:\/\/mirjamwalter.com\/de\/wp-json\/wp\/v2\/users\/1"}],"replies":[{"embeddable":true,"href":"https:\/\/mirjamwalter.com\/de\/wp-json\/wp\/v2\/comments?post=689"}],"version-history":[{"count":0,"href":"https:\/\/mirjamwalter.com\/de\/wp-json\/wp\/v2\/posts\/689\/revisions"}],"wp:featuredmedia":[{"embeddable":true,"href":"https:\/\/mirjamwalter.com\/de\/wp-json\/wp\/v2\/media\/305"}],"wp:attachment":[{"href":"https:\/\/mirjamwalter.com\/de\/wp-json\/wp\/v2\/media?parent=689"}],"wp:term":[{"taxonomy":"category","embeddable":true,"href":"https:\/\/mirjamwalter.com\/de\/wp-json\/wp\/v2\/categories?post=689"},{"taxonomy":"post_tag","embeddable":true,"href":"https:\/\/mirjamwalter.com\/de\/wp-json\/wp\/v2\/tags?post=689"}],"curies":[{"name":"wp","href":"https:\/\/api.w.org\/{rel}","templated":true}]}}