{"id":461,"date":"2022-08-17T16:41:53","date_gmt":"2022-08-17T14:41:53","guid":{"rendered":"https:\/\/mirjamwalter.com\/de\/?p=461"},"modified":"2025-11-30T13:13:16","modified_gmt":"2025-11-30T12:13:16","slug":"impressum","status":"publish","type":"post","link":"https:\/\/mirjamwalter.com\/de\/kontakt\/impressum\/","title":{"rendered":"Impressum"},"content":{"rendered":"","protected":false},"excerpt":{"rendered":"","protected":false},"author":1,"featured_media":305,"comment_status":"closed","ping_status":"closed","sticky":false,"template":"","format":"standard","meta":[],"categories":[17],"tags":[],"class_list":["post-461","post","type-post","status-publish","has-post-thumbnail","hentry","category-kontakt"],"grid":"{\r\n  \"colCount\": 18,\r\n  \"colGutter\": 1,\r\n  \"rowGutters\": [],\r\n  \"frameMargin\": 5,\r\n  \"leftFrameMargin\": 25,\r\n  \"rightFrameMargin\": 25,\r\n  \"topFrameMargin\": 175,\r\n  \"bottomFrameMargin\": 175,\r\n  \"rowAttrs\": [\r\n    {}\r\n  ],\r\n  \"bgColor\": \"#ffffff\",\r\n  \"bgImage\": null,\r\n  \"cont\": [\r\n    {\r\n      \"type\": \"text\",\r\n      \"cont\": \"<p class=\\\"_Default\\\"><span class=\\\"_Standard_Kursiv\\\">Inhaberin<\/span><\/p><p class=\\\"_Einzug\\\">Mirjam Walter<\/p><p class=\\\"_Einzug\\\">\u00a0<\/p><p>\u00a0\u00a0\u00a0\u00a0 Atelier:<\/p><p><span>\u00a0\u00a0\u00a0\u00a0 Hurstweg 13a<\/span><span><br \/>\u00a0\u00a0\u00a0\u00a0 79114 Freiburg im Breisgau<\/span><\/p><p>\u00a0<\/p><p class=\\\"_Einzug\\\"><a href=\\\"mailto:mirjam.w@gmx.de\\\">mirjam.w(at)gmx.de<\/a><\/p><p class=\\\"_Einzug\\\">\u00a0<\/p><p>\u00a0<\/p><p class=\\\"_Default\\\"><span class=\\\"_Standard_Kursiv\\\">Fotograf\/-innen<\/span><\/p><p class=\\\"_Einzug\\\">Laila Auburger, Michael Hakimi,<\/p><p class=\\\"_Einzug\\\">Philipp H\u00e4nger, Johannes Kersting,<\/p><p class=\\\"_Einzug\\\">Jaewon Kim, Susanne K\u00fchn,<\/p><p class=\\\"_Einzug\\\">Cornelia Liedel, Lukas P\u00fcrmayer,<\/p><p class=\\\"_Einzug\\\">Tomasz Skibicki, Jakob Walter,<br \/>\u00a0\u00a0\u00a0\u00a0 Bernhard Strauss, Marc Doradzillo<\/p><p class=\\\"_Einzug\\\"><br \/><span class=\\\"_Standard_Kursiv\\\">Typografie und Webseite<\/span><\/p><p class=\\\"_Einzug\\\">Raphael Mathias<\/p><p class=\\\"_Einzug\\\">\u00a0<\/p><p class=\\\"_Einzug\\\">\u00a0<\/p><p class=\\\"_Einzug\\\"><br \/><span style=\\\"letter-spacing: 0.15em;\\\">RECHTLICHE HINWEISE<\/span><\/p><p class=\\\"_Einzug\\\"><br \/>Verantwortlich f\u00fcr den Inhalt gem\u00e4\u00df \u00a7\u200618 Abs.\u20062 <span class=\\\"_Standard_Kapitaelchen\\\">MS<\/span>t<span class=\\\"_Standard_Kapitaelchen\\\">V<\/span><\/p><p class=\\\"_Einzug\\\">Mirjam Walter<\/p><p class=\\\"_Einzug\\\"><span>Hurstweg 13a \u00a0\u00a0\u00a0 <br \/>\u00a0\u00a0\u00a0\u00a0 79114 Freiburg im Breisgau<\/span><\/p><p class=\\\"_Einzug\\\">\u00a0<\/p><p class=\\\"_Einzug\\\">\u00a0<\/p><p class=\\\"_Einzug\\\"><span class=\\\"_Standard_Kursiv\\\">Inhalte<\/span><br \/>Ich, Mirjam Walter, bem\u00fche mich um Richtigkeit, Aktualit\u00e4t und Vollst\u00e4ndigkeit der Informationen und habe die Inhalte der Website sorgf\u00e4ltig erarbeitet. F\u00fcr die angebotenen Informationen kann ich keine Gew\u00e4hr irgendeiner Art \u00fcbernehmen.<\/p><p class=\\\"_Einzug\\\">\u00a0<\/p><p class=\\\"_Einzug\\\"><span class=\\\"_Standard_Kursiv\\\">Verweise auf andere Websites (Links)<\/span><br \/>Ich \u00fcbernehme keinerlei Haftung f\u00fcr die Inhalte fremder verlinkter Seiten inklusive weiterleitender Links in diesen Seiten. Auf den Inhalt solcher Seiten habe ich keinen Einfluss. Eine Verlinkung unserer Website ist ausdr\u00fccklich gestattet.<\/p><p class=\\\"_Einzug\\\">\u00a0<\/p><p class=\\\"_Einzug\\\"><span class=\\\"_Standard_Kursiv\\\">Urheberrecht und Gewerbliche Schutzrechte<\/span><br \/>Alle Rechte zu Inhalten, Werken, Texten, Bildern und Grafiken liegen bei Mirjam Walter. Soweit die Inhalte auf dieser Seite nicht von mir erstellt wurden, werden die Urheberrechte Dritter beachtet; insbesondere werden Inhalte Dritter in den folgenden Abs\u00e4tzen als solche gekennzeichnet.<\/p><p class=\\\"_Einzug\\\">Urheberrechte Dritter: Texte \u00a9 bei den Autor\/-innen.<\/p><p class=\\\"_Einzug\\\">Sollten Sie trotzdem auf eine Urheberrechtsverletzung aufmerksam werden, bitte ich um einen entsprechenden Hinweis. Bei Bekanntwerden von Rechtsverletzungen werde ich derartige Inhalte umgehend entfernen.<\/p><p class=\\\"_Einzug\\\">\u00a0<\/p><p class=\\\"_Einzug\\\"><span class=\\\"_Standard_Kursiv\\\">Haftungsausschluss<\/span><br \/>Ein Vertragsverh\u00e4ltnis kommt durch den Gebrauch dieser Website nicht zustande. Die Nutzung dieser Website erfolgt auf eigene Gefahr. Ich schlie\u00dfe ausdr\u00fccklich jegliche Haftung f\u00fcr Sch\u00e4den einschlie\u00dflich Folgesch\u00e4den aus, die in irgendeiner Form in Verbindung mit Ihrem Zugriff auf die Website stehen. Dies gilt insbesondere f\u00fcr Sch\u00e4den, die etwa durch Viren an Ihrem Computer oder Ihrer <span class=\\\"_Standard_Kapitaelchen\\\">EDV<\/span>-Anlage oder durch Ihr Vertrauen auf Informationen dieser Website \u2013 auch verbundener Websites oder Informationen Dritter, die \u00fcber diese Website erlangt werden k\u00f6nnen \u2013 entstehen.<\/p><p class=\\\"_Einzug\\\">\u00a0<\/p><p class=\\\"_Einzug\\\">Bitte beachten Sie auch die Datenschutzerkl\u00e4rung der Webseite, Sie finden sie <span class=\\\"_Standard_Kursiv\\\"><a href=\\\"https:\/\/mirjamwalter.com\/de\/kontakt\/datenschutz\/\\\" data-type=\\\"project\\\" data-id=\\\"462\\\" data-title=\\\"Datenschutz\\\" data-catid=\\\"[17]\\\">hier.<\/a><\/span><\/p>\",\r\n      \"align\": \"top\",\r\n      \"row\": 0,\r\n      \"col\": 4,\r\n      \"colspan\": 10,\r\n      \"offsetx\": 0,\r\n      \"offsety\": 0,\r\n      \"spaceabove\": 0,\r\n      \"spacebelow\": 0,\r\n      \"yvel\": 1,\r\n      \"push\": 4,\r\n      \"relid\": 4,\r\n      \"absolute_position\": false,\r\n      \"frameOverflow\": \"\"\r\n    }\r\n  ]\r\n}","phonegrid":"{\r\n  \"colCount\": 1,\r\n  \"colGutter\": 1,\r\n  \"rowGutters\": [\r\n    50\r\n  ],\r\n  \"frameMargin\": 5,\r\n  \"leftFrameMargin\": 25,\r\n  \"rightFrameMargin\": 25,\r\n  \"topFrameMargin\": 13,\r\n  \"bottomFrameMargin\": 40,\r\n  \"rowAttrs\": [\r\n    [],\r\n    []\r\n  ],\r\n  \"bgColor\": null,\r\n  \"bgImage\": null,\r\n  \"cont\": [\r\n    {\r\n      \"type\": \"text\",\r\n      \"cont\": \"<p class=\\\"_Default\\\">Impressum<\/p>\",\r\n      \"align\": \"middle\",\r\n      \"row\": 0,\r\n      \"col\": 0,\r\n      \"colspan\": 1,\r\n      \"offsetx\": 0,\r\n      \"offsety\": 0,\r\n      \"spaceabove\": 0,\r\n      \"spacebelow\": 0,\r\n      \"yvel\": 1,\r\n      \"push\": 0,\r\n      \"relid\": 6,\r\n      \"absolute_position\": false\r\n    },\r\n    {\r\n      \"type\": \"text\",\r\n      \"cont\": \"<p class=\\\"_Default\\\"><span class=\\\"_Standard_Kursiv\\\">Inhaberin<\/span><\/p><p class=\\\"_Einzug\\\">Mirjam Walter<\/p><p>\u00a0<\/p><p class=\\\"_Einzug\\\">Atelier:<\/p><p class=\\\"_Einzug\\\">Schopfheimer Str. 2,<\/p><p class=\\\"_Einzug\\\">79115 Freiburg im Breisgau<\/p><p class=\\\"_Einzug\\\"><br \/><a href=\\\"mailto:mirjam.w@gmx.de\\\">mirjam.w(at)gmx.de<\/a><\/p><p class=\\\"_Default\\\">\u00a0<\/p><p class=\\\"_Default\\\"><span class=\\\"_Standard_Kursiv\\\">Fotograf\/-innen<\/span><\/p><p class=\\\"_Einzug\\\">Laila Auburger, Philipp H\u00e4nger, Johannes Kersting, Jaewon Kim, Susanne K\u00fchn, Lukas P\u00fcrmayer, Tomasz Skibicki, Gretje Treiber.<\/p><p class=\\\"_Default\\\"><br \/><span class=\\\"_Standard_Kursiv\\\">Typografie und Umsetzung der Webseite<\/span><\/p><p class=\\\"_Einzug\\\">Raphael Mathais<\/p><p class=\\\"_Default\\\">\u00a0<\/p><p class=\\\"_Default\\\"><br \/><span style=\\\"letter-spacing: 0.15em;\\\">RECHTLICHE HINWEISE<\/span><\/p><p class=\\\"_Default\\\"><br \/><span class=\\\"_Standard_Kursiv\\\">Verantwortlich f\u00fcr den Inhalt gem\u00e4\u00df \u00a7\u200618 Abs.\u20062 MStV<\/span><\/p><p class=\\\"_Einzug\\\">Mirjam Walter<\/p><p class=\\\"_Einzug\\\">Schopfheimer Str. 2,<\/p><p class=\\\"_Einzug\\\">79115 Freiburg im Breisgau<\/p><p class=\\\"_Default\\\">\u00a0<\/p><p class=\\\"_Einzug\\\"><span class=\\\"_Standard_Kursiv\\\">Inhalte<\/span><br \/>Ich, Mirjam Walter, bem\u00fche mich um Richtigkeit, Aktualit\u00e4t und Vollst\u00e4ndigkeit der Informationen und habe die Inhalte der Website sorgf\u00e4ltig erarbeitet. F\u00fcr die angebotenen Informationen kann ich keine Gew\u00e4hr irgendeiner Art \u00fcbernehmen.<\/p><p class=\\\"_Default\\\">\u00a0<\/p><p class=\\\"_Einzug\\\"><span class=\\\"_Standard_Kursiv\\\">Verweise auf andere Websites (Links)<\/span><br \/>Ich \u00fcbernehme keinerlei Haftung f\u00fcr die Inhalte fremder verlinkter Seiten inklusive weiterleitender Links in diesen Seiten. Auf den Inhalt solcher Seiten habe ich keinen Einfluss. Eine Verlinkung unserer Website ist ausdr\u00fccklich gestattet.<\/p><p class=\\\"_Default\\\">\u00a0<\/p><p class=\\\"_Einzug\\\"><span class=\\\"_Standard_Kursiv\\\">Urheberrecht und Gewerbliche Schutzrechte<\/span><br \/>Alle Rechte zu Inhalten, Werken, Texten, Bildern und Grafiken liegen bei Mirjam Walter. Soweit die Inhalte auf dieser Seite nicht von mir erstellt wurden, werden die Urheberrechte Dritter beachtet; insbesondere werden Inhalte Dritter in den folgenden Abs\u00e4tzen als solche gekennzeichnet.<\/p><p class=\\\"_Default\\\">Urheberrechte Dritter: Texte \u00a9 bei den Autor\/-innen.<\/p><p class=\\\"_Default\\\">Sollten Sie trotzdem auf eine Urheberrechtsverletzung aufmerksam werden, bitte ich um einen entsprechenden Hinweis. Bei Bekanntwerden von Rechtsverletzungen werde ich derartige Inhalte umgehend entfernen.<\/p><p class=\\\"_Default\\\">\u00a0<\/p><p class=\\\"_Einzug\\\"><span class=\\\"_Standard_Kursiv\\\">Haftungsausschluss<\/span><br \/>Ein Vertragsverh\u00e4ltnis kommt durch den Gebrauch dieser Website nicht zustande. Die Nutzung dieser Website erfolgt auf eigene Gefahr. Ich schlie\u00dfe ausdr\u00fccklich jegliche Haftung f\u00fcr Sch\u00e4den einschlie\u00dflich Folgesch\u00e4den aus, die in irgendeiner Form in Verbindung mit Ihrem Zugriff auf die Website stehen. Dies gilt insbesondere f\u00fcr Sch\u00e4den, die etwa durch Viren an Ihrem Computer oder Ihrer <span class=\\\"_Standard_Kapitaelchen\\\">EDV<\/span>-Anlage oder durch Ihr Vertrauen auf Informationen dieser Website \u2013 auch verbundener Websites oder Informationen Dritter, die \u00fcber diese Website erlangt werden k\u00f6nnen \u2013 entstehen.<\/p><p class=\\\"_Default\\\">\u00a0<\/p><p class=\\\"_Default\\\">Bitte beachten Sie auch die Datenschutzerkl\u00e4rung der Webseite, Sie finden sie <a href=\\\"https:\/\/mirjamwalter.com\/de\/kontakt\/datenschutz\/\\\" data-type=\\\"project\\\" data-id=\\\"462\\\" data-title=\\\"Datenschutz\\\" data-catid=\\\"[17]\\\">hier.<\/a><\/p>\",\r\n      \"align\": \"top\",\r\n      \"row\": 1,\r\n      \"col\": 0,\r\n      \"colspan\": 1,\r\n      \"offsetx\": 0,\r\n      \"offsety\": 0,\r\n      \"spaceabove\": 0,\r\n      \"spacebelow\": 0,\r\n      \"yvel\": 1,\r\n      \"push\": 0,\r\n      \"relid\": 5,\r\n      \"absolute_position\": false\r\n    }\r\n  ]\r\n}","_links":{"self":[{"href":"https:\/\/mirjamwalter.com\/de\/wp-json\/wp\/v2\/posts\/461","targetHints":{"allow":["GET"]}}],"collection":[{"href":"https:\/\/mirjamwalter.com\/de\/wp-json\/wp\/v2\/posts"}],"about":[{"href":"https:\/\/mirjamwalter.com\/de\/wp-json\/wp\/v2\/types\/post"}],"author":[{"embeddable":true,"href":"https:\/\/mirjamwalter.com\/de\/wp-json\/wp\/v2\/users\/1"}],"replies":[{"embeddable":true,"href":"https:\/\/mirjamwalter.com\/de\/wp-json\/wp\/v2\/comments?post=461"}],"version-history":[{"count":0,"href":"https:\/\/mirjamwalter.com\/de\/wp-json\/wp\/v2\/posts\/461\/revisions"}],"wp:featuredmedia":[{"embeddable":true,"href":"https:\/\/mirjamwalter.com\/de\/wp-json\/wp\/v2\/media\/305"}],"wp:attachment":[{"href":"https:\/\/mirjamwalter.com\/de\/wp-json\/wp\/v2\/media?parent=461"}],"wp:term":[{"taxonomy":"category","embeddable":true,"href":"https:\/\/mirjamwalter.com\/de\/wp-json\/wp\/v2\/categories?post=461"},{"taxonomy":"post_tag","embeddable":true,"href":"https:\/\/mirjamwalter.com\/de\/wp-json\/wp\/v2\/tags?post=461"}],"curies":[{"name":"wp","href":"https:\/\/api.w.org\/{rel}","templated":true}]}}