{"id":42,"date":"2022-03-11T13:25:17","date_gmt":"2022-03-11T12:25:17","guid":{"rendered":"https:\/\/mirjamwalter.com\/de\/?p=42"},"modified":"2024-09-16T22:14:05","modified_gmt":"2024-09-16T20:14:05","slug":"ein-leben-bekommen","status":"publish","type":"post","link":"https:\/\/mirjamwalter.com\/de\/ausstellungen\/ein-leben-bekommen\/","title":{"rendered":"Ein Leben bekommen"},"content":{"rendered":"","protected":false},"excerpt":{"rendered":"","protected":false},"author":1,"featured_media":124,"comment_status":"closed","ping_status":"closed","sticky":false,"template":"","format":"standard","meta":[],"categories":[9],"tags":[],"class_list":["post-42","post","type-post","status-publish","has-post-thumbnail","hentry","category-ausstellungen"],"grid":"{\r\n  \"colCount\": 18,\r\n  \"colGutter\": 1,\r\n  \"rowGutters\": [\r\n    100,\r\n    100,\r\n    100,\r\n    100,\r\n    100,\r\n    100,\r\n    100,\r\n    100,\r\n    100,\r\n    100,\r\n    100,\r\n    100,\r\n    100,\r\n    100\r\n  ],\r\n  \"frameMargin\": 5,\r\n  \"leftFrameMargin\": 25,\r\n  \"rightFrameMargin\": 25,\r\n  \"topFrameMargin\": 0,\r\n  \"bottomFrameMargin\": 0,\r\n  \"rowAttrs\": [\r\n    {\r\n      \"bgimage\": {\r\n        \"attid\": 124,\r\n        \"url\": \"\/wp-content\/uploads\/2022\/04\/mirjam-walter_ein-leben-bekommen_1.jpg\",\r\n        \"sizes\": {\r\n          \"_1920\": {\r\n            \"w\": 1920,\r\n            \"h\": 1282,\r\n            \"url\": \"\/wp-content\/uploads\/2022\/04\/mirjam-walter_ein-leben-bekommen_1-1920x1282.jpg\"\r\n          },\r\n          \"_1280\": {\r\n            \"w\": 1280,\r\n            \"h\": 854,\r\n            \"url\": \"\/wp-content\/uploads\/2022\/04\/mirjam-walter_ein-leben-bekommen_1-1280x854.jpg\"\r\n          },\r\n          \"_1024\": {\r\n            \"w\": 1024,\r\n            \"h\": 684,\r\n            \"url\": \"\/wp-content\/uploads\/2022\/04\/mirjam-walter_ein-leben-bekommen_1-1024x684.jpg\"\r\n          },\r\n          \"_768\": {\r\n            \"w\": 768,\r\n            \"h\": 513,\r\n            \"url\": \"\/wp-content\/uploads\/2022\/04\/mirjam-walter_ein-leben-bekommen_1-768x513.jpg\"\r\n          },\r\n          \"_512\": {\r\n            \"w\": 512,\r\n            \"h\": 342,\r\n            \"url\": \"\/wp-content\/uploads\/2022\/04\/mirjam-walter_ein-leben-bekommen_1-512x342.jpg\"\r\n          },\r\n          \"_265\": {\r\n            \"w\": 265,\r\n            \"h\": 177,\r\n            \"url\": \"\/wp-content\/uploads\/2022\/04\/mirjam-walter_ein-leben-bekommen_1-265x177.jpg\"\r\n          }\r\n        }\r\n      },\r\n      \"row100vh\": true\r\n    },\r\n    {\r\n      \"row100vh\": true\r\n    },\r\n    {\r\n      \"bgimage\": {\r\n        \"attid\": 129,\r\n        \"url\": \"\/wp-content\/uploads\/2022\/04\/mirjam-walter_ein-leben-bekommen_7.jpg\",\r\n        \"sizes\": {\r\n          \"_1920\": {\r\n            \"w\": 1920,\r\n            \"h\": 1280,\r\n            \"url\": \"\/wp-content\/uploads\/2022\/04\/mirjam-walter_ein-leben-bekommen_7-1920x1280.jpg\"\r\n          },\r\n          \"_1280\": {\r\n            \"w\": 1280,\r\n            \"h\": 853,\r\n            \"url\": \"\/wp-content\/uploads\/2022\/04\/mirjam-walter_ein-leben-bekommen_7-1280x853.jpg\"\r\n          },\r\n          \"_1024\": {\r\n            \"w\": 1024,\r\n            \"h\": 682,\r\n            \"url\": \"\/wp-content\/uploads\/2022\/04\/mirjam-walter_ein-leben-bekommen_7-1024x682.jpg\"\r\n          },\r\n          \"_768\": {\r\n            \"w\": 768,\r\n            \"h\": 512,\r\n            \"url\": \"\/wp-content\/uploads\/2022\/04\/mirjam-walter_ein-leben-bekommen_7-768x512.jpg\"\r\n          },\r\n          \"_512\": {\r\n            \"w\": 512,\r\n            \"h\": 341,\r\n            \"url\": \"\/wp-content\/uploads\/2022\/04\/mirjam-walter_ein-leben-bekommen_7-512x341.jpg\"\r\n          },\r\n          \"_265\": {\r\n            \"w\": 265,\r\n            \"h\": 177,\r\n            \"url\": \"\/wp-content\/uploads\/2022\/04\/mirjam-walter_ein-leben-bekommen_7-265x177.jpg\"\r\n          }\r\n        }\r\n      },\r\n      \"row100vh\": true\r\n    },\r\n    {\r\n      \"row100vh\": true\r\n    },\r\n    {\r\n      \"bgimage3\": {\r\n        \"attid\": 354,\r\n        \"url\": \"\/wp-content\/uploads\/2022\/08\/mirjam-walter_ein-leben-bekommen_2.jpg\",\r\n        \"sizes\": {\r\n          \"_1280\": {\r\n            \"w\": 1280,\r\n            \"h\": 1919,\r\n            \"url\": \"\/wp-content\/uploads\/2022\/08\/mirjam-walter_ein-leben-bekommen_2-1280x1919.jpg\"\r\n          },\r\n          \"_1024\": {\r\n            \"w\": 1024,\r\n            \"h\": 1535,\r\n            \"url\": \"\/wp-content\/uploads\/2022\/08\/mirjam-walter_ein-leben-bekommen_2-1024x1535.jpg\"\r\n          },\r\n          \"_768\": {\r\n            \"w\": 768,\r\n            \"h\": 1151,\r\n            \"url\": \"\/wp-content\/uploads\/2022\/08\/mirjam-walter_ein-leben-bekommen_2-768x1151.jpg\"\r\n          },\r\n          \"_512\": {\r\n            \"w\": 512,\r\n            \"h\": 768,\r\n            \"url\": \"\/wp-content\/uploads\/2022\/08\/mirjam-walter_ein-leben-bekommen_2-512x768.jpg\"\r\n          },\r\n          \"_265\": {\r\n            \"w\": 265,\r\n            \"h\": 397,\r\n            \"url\": \"\/wp-content\/uploads\/2022\/08\/mirjam-walter_ein-leben-bekommen_2-265x397.jpg\"\r\n          }\r\n        }\r\n      },\r\n      \"row100vh\": true\r\n    },\r\n    {\r\n      \"bgimage\": {\r\n        \"attid\": 121,\r\n        \"url\": \"\/wp-content\/uploads\/2022\/04\/mirjam-walter_ein-leben-bekommen.jpg\",\r\n        \"sizes\": {\r\n          \"_1920\": {\r\n            \"w\": 1920,\r\n            \"h\": 1282,\r\n            \"url\": \"\/wp-content\/uploads\/2022\/04\/mirjam-walter_ein-leben-bekommen-1920x1282.jpg\"\r\n          },\r\n          \"_1280\": {\r\n            \"w\": 1280,\r\n            \"h\": 854,\r\n            \"url\": \"\/wp-content\/uploads\/2022\/04\/mirjam-walter_ein-leben-bekommen-1280x854.jpg\"\r\n          },\r\n          \"_1024\": {\r\n            \"w\": 1024,\r\n            \"h\": 684,\r\n            \"url\": \"\/wp-content\/uploads\/2022\/04\/mirjam-walter_ein-leben-bekommen-1024x684.jpg\"\r\n          },\r\n          \"_768\": {\r\n            \"w\": 768,\r\n            \"h\": 513,\r\n            \"url\": \"\/wp-content\/uploads\/2022\/04\/mirjam-walter_ein-leben-bekommen-768x513.jpg\"\r\n          },\r\n          \"_512\": {\r\n            \"w\": 512,\r\n            \"h\": 342,\r\n            \"url\": \"\/wp-content\/uploads\/2022\/04\/mirjam-walter_ein-leben-bekommen-512x342.jpg\"\r\n          },\r\n          \"_265\": {\r\n            \"w\": 265,\r\n            \"h\": 177,\r\n            \"url\": \"\/wp-content\/uploads\/2022\/04\/mirjam-walter_ein-leben-bekommen-265x177.jpg\"\r\n          }\r\n        }\r\n      },\r\n      \"row100vh\": true\r\n    },\r\n    {\r\n      \"row100vh\": true\r\n    },\r\n    {\r\n      \"bgimage\": {\r\n        \"attid\": 128,\r\n        \"url\": \"\/wp-content\/uploads\/2022\/04\/mirjam-walter_ein-leben-bekommen_5.jpg\",\r\n        \"sizes\": {\r\n          \"_1920\": {\r\n            \"w\": 1920,\r\n            \"h\": 1282,\r\n            \"url\": \"\/wp-content\/uploads\/2022\/04\/mirjam-walter_ein-leben-bekommen_5-1920x1282.jpg\"\r\n          },\r\n          \"_1280\": {\r\n            \"w\": 1280,\r\n            \"h\": 854,\r\n            \"url\": \"\/wp-content\/uploads\/2022\/04\/mirjam-walter_ein-leben-bekommen_5-1280x854.jpg\"\r\n          },\r\n          \"_1024\": {\r\n            \"w\": 1024,\r\n            \"h\": 684,\r\n            \"url\": \"\/wp-content\/uploads\/2022\/04\/mirjam-walter_ein-leben-bekommen_5-1024x684.jpg\"\r\n          },\r\n          \"_768\": {\r\n            \"w\": 768,\r\n            \"h\": 513,\r\n            \"url\": \"\/wp-content\/uploads\/2022\/04\/mirjam-walter_ein-leben-bekommen_5-768x513.jpg\"\r\n          },\r\n          \"_512\": {\r\n            \"w\": 512,\r\n            \"h\": 342,\r\n            \"url\": \"\/wp-content\/uploads\/2022\/04\/mirjam-walter_ein-leben-bekommen_5-512x342.jpg\"\r\n          },\r\n          \"_265\": {\r\n            \"w\": 265,\r\n            \"h\": 177,\r\n            \"url\": \"\/wp-content\/uploads\/2022\/04\/mirjam-walter_ein-leben-bekommen_5-265x177.jpg\"\r\n          }\r\n        }\r\n      },\r\n      \"row100vh\": true\r\n    },\r\n    {\r\n      \"bgimage\": {\r\n        \"attid\": 127,\r\n        \"url\": \"\/wp-content\/uploads\/2022\/04\/mirjam-walter_ein-leben-bekommen_6.jpg\",\r\n        \"sizes\": {\r\n          \"_1920\": {\r\n            \"w\": 1920,\r\n            \"h\": 1282,\r\n            \"url\": \"\/wp-content\/uploads\/2022\/04\/mirjam-walter_ein-leben-bekommen_6-1920x1282.jpg\"\r\n          },\r\n          \"_1280\": {\r\n            \"w\": 1280,\r\n            \"h\": 854,\r\n            \"url\": \"\/wp-content\/uploads\/2022\/04\/mirjam-walter_ein-leben-bekommen_6-1280x854.jpg\"\r\n          },\r\n          \"_1024\": {\r\n            \"w\": 1024,\r\n            \"h\": 684,\r\n            \"url\": \"\/wp-content\/uploads\/2022\/04\/mirjam-walter_ein-leben-bekommen_6-1024x684.jpg\"\r\n          },\r\n          \"_768\": {\r\n            \"w\": 768,\r\n            \"h\": 513,\r\n            \"url\": \"\/wp-content\/uploads\/2022\/04\/mirjam-walter_ein-leben-bekommen_6-768x513.jpg\"\r\n          },\r\n          \"_512\": {\r\n            \"w\": 512,\r\n            \"h\": 342,\r\n            \"url\": \"\/wp-content\/uploads\/2022\/04\/mirjam-walter_ein-leben-bekommen_6-512x342.jpg\"\r\n          },\r\n          \"_265\": {\r\n            \"w\": 265,\r\n            \"h\": 177,\r\n            \"url\": \"\/wp-content\/uploads\/2022\/04\/mirjam-walter_ein-leben-bekommen_6-265x177.jpg\"\r\n          }\r\n        }\r\n      },\r\n      \"row100vh\": true\r\n    },\r\n    {\r\n      \"bgimage\": {\r\n        \"attid\": 157,\r\n        \"url\": \"\/wp-content\/uploads\/2022\/04\/mirjam-walter_ein-leben-bekommen_14_lukas-puermayer.jpg.jpg\",\r\n        \"sizes\": {\r\n          \"_1920\": {\r\n            \"w\": 1920,\r\n            \"h\": 1282,\r\n            \"url\": \"\/wp-content\/uploads\/2022\/04\/mirjam-walter_ein-leben-bekommen_14_lukas-puermayer.jpg-1920x1282.jpg\"\r\n          },\r\n          \"_1280\": {\r\n            \"w\": 1280,\r\n            \"h\": 854,\r\n            \"url\": \"\/wp-content\/uploads\/2022\/04\/mirjam-walter_ein-leben-bekommen_14_lukas-puermayer.jpg-1280x854.jpg\"\r\n          },\r\n          \"_1024\": {\r\n            \"w\": 1024,\r\n            \"h\": 684,\r\n            \"url\": \"\/wp-content\/uploads\/2022\/04\/mirjam-walter_ein-leben-bekommen_14_lukas-puermayer.jpg-1024x684.jpg\"\r\n          },\r\n          \"_768\": {\r\n            \"w\": 768,\r\n            \"h\": 513,\r\n            \"url\": \"\/wp-content\/uploads\/2022\/04\/mirjam-walter_ein-leben-bekommen_14_lukas-puermayer.jpg-768x513.jpg\"\r\n          },\r\n          \"_512\": {\r\n            \"w\": 512,\r\n            \"h\": 342,\r\n            \"url\": \"\/wp-content\/uploads\/2022\/04\/mirjam-walter_ein-leben-bekommen_14_lukas-puermayer.jpg-512x342.jpg\"\r\n          },\r\n          \"_265\": {\r\n            \"w\": 265,\r\n            \"h\": 177,\r\n            \"url\": \"\/wp-content\/uploads\/2022\/04\/mirjam-walter_ein-leben-bekommen_14_lukas-puermayer.jpg-265x177.jpg\"\r\n          }\r\n        }\r\n      },\r\n      \"row100vh\": true\r\n    },\r\n    {\r\n      \"row100vh\": true\r\n    },\r\n    {\r\n      \"row100vh\": true\r\n    },\r\n    {\r\n      \"bgimage\": {\r\n        \"attid\": 131,\r\n        \"url\": \"\/wp-content\/uploads\/2022\/04\/mirjam-walter_ein-leben-bekommen_8.jpg\",\r\n        \"sizes\": {\r\n          \"_1920\": {\r\n            \"w\": 1920,\r\n            \"h\": 1280,\r\n            \"url\": \"\/wp-content\/uploads\/2022\/04\/mirjam-walter_ein-leben-bekommen_8-1920x1280.jpg\"\r\n          },\r\n          \"_1280\": {\r\n            \"w\": 1280,\r\n            \"h\": 853,\r\n            \"url\": \"\/wp-content\/uploads\/2022\/04\/mirjam-walter_ein-leben-bekommen_8-1280x853.jpg\"\r\n          },\r\n          \"_1024\": {\r\n            \"w\": 1024,\r\n            \"h\": 682,\r\n            \"url\": \"\/wp-content\/uploads\/2022\/04\/mirjam-walter_ein-leben-bekommen_8-1024x682.jpg\"\r\n          },\r\n          \"_768\": {\r\n            \"w\": 768,\r\n            \"h\": 512,\r\n            \"url\": \"\/wp-content\/uploads\/2022\/04\/mirjam-walter_ein-leben-bekommen_8-768x512.jpg\"\r\n          },\r\n          \"_512\": {\r\n            \"w\": 512,\r\n            \"h\": 341,\r\n            \"url\": \"\/wp-content\/uploads\/2022\/04\/mirjam-walter_ein-leben-bekommen_8-512x341.jpg\"\r\n          },\r\n          \"_265\": {\r\n            \"w\": 265,\r\n            \"h\": 177,\r\n            \"url\": \"\/wp-content\/uploads\/2022\/04\/mirjam-walter_ein-leben-bekommen_8-265x177.jpg\"\r\n          }\r\n        }\r\n      },\r\n      \"row100vh\": true\r\n    },\r\n    {\r\n      \"bgimage\": {\r\n        \"attid\": 308,\r\n        \"url\": \"\/wp-content\/uploads\/2022\/07\/mirjam-walter_ein-leben-bekommen_13_lukas-puermayer.jpg\",\r\n        \"sizes\": {\r\n          \"_1920\": {\r\n            \"w\": 1920,\r\n            \"h\": 1281,\r\n            \"url\": \"\/wp-content\/uploads\/2022\/07\/mirjam-walter_ein-leben-bekommen_13_lukas-puermayer-1920x1281.jpg\"\r\n          },\r\n          \"_1280\": {\r\n            \"w\": 1280,\r\n            \"h\": 854,\r\n            \"url\": \"\/wp-content\/uploads\/2022\/07\/mirjam-walter_ein-leben-bekommen_13_lukas-puermayer-1280x854.jpg\"\r\n          },\r\n          \"_1024\": {\r\n            \"w\": 1024,\r\n            \"h\": 683,\r\n            \"url\": \"\/wp-content\/uploads\/2022\/07\/mirjam-walter_ein-leben-bekommen_13_lukas-puermayer-1024x683.jpg\"\r\n          },\r\n          \"_768\": {\r\n            \"w\": 768,\r\n            \"h\": 512,\r\n            \"url\": \"\/wp-content\/uploads\/2022\/07\/mirjam-walter_ein-leben-bekommen_13_lukas-puermayer-768x512.jpg\"\r\n          },\r\n          \"_512\": {\r\n            \"w\": 512,\r\n            \"h\": 342,\r\n            \"url\": \"\/wp-content\/uploads\/2022\/07\/mirjam-walter_ein-leben-bekommen_13_lukas-puermayer-512x342.jpg\"\r\n          },\r\n          \"_265\": {\r\n            \"w\": 265,\r\n            \"h\": 177,\r\n            \"url\": \"\/wp-content\/uploads\/2022\/07\/mirjam-walter_ein-leben-bekommen_13_lukas-puermayer-265x177.jpg\"\r\n          }\r\n        }\r\n      },\r\n      \"row100vh\": true\r\n    },\r\n    {\r\n      \"row100vh\": true\r\n    }\r\n  ],\r\n  \"bgColor\": \"#ffffff\",\r\n  \"cont\": [\r\n    {\r\n      \"type\": \"text\",\r\n      \"cont\": \"<p class=\\\"_Bildunterschrift\\\"><span style=\\\"font-size: 18px;\\\"><span class=\\\"_Bildunterschrift_Kursiv\\\">I am no body like a house is not a home,<\/span> 2019<\/span><\/p><p class=\\\"_Bildunterschrift\\\">10\u2006\u00d7\u20064,4\u2006m Baumwollstoff, davon 220\u2006\u00d7\u2006160\u2006cm aufgespannt und mit Gouache und \u00d6l bemalt<\/p>\",\r\n      \"align\": \"bottom\",\r\n      \"row\": 0,\r\n      \"col\": 0,\r\n      \"colspan\": 9,\r\n      \"offsetx\": 0,\r\n      \"offsety\": 0,\r\n      \"spaceabove\": 0,\r\n      \"spacebelow\": 20,\r\n      \"yvel\": 1,\r\n      \"push\": 0,\r\n      \"relid\": 9,\r\n      \"frameOverflow\": \"\",\r\n      \"absolute_position\": true\r\n    },\r\n    {\r\n      \"type\": \"text\",\r\n      \"cont\": \"<p style=\\\"text-align: right;\\\"><span style=\\\"font-size: 18px;\\\"><a href=\\\"https:\/\/mirjamwalter.com\/de\/ausstellungen\/ein-leben-bekommen-text\/\\\" data-catid=\\\"[9]\\\">Text zur Ausstellung<\/a><\/span><\/p>\",\r\n      \"align\": \"bottom\",\r\n      \"row\": 0,\r\n      \"col\": 11,\r\n      \"colspan\": 7,\r\n      \"offsetx\": 0,\r\n      \"offsety\": 0,\r\n      \"spaceabove\": 0,\r\n      \"spacebelow\": 20,\r\n      \"yvel\": 1,\r\n      \"push\": 11,\r\n      \"relid\": 10,\r\n      \"frameOverflow\": \"\",\r\n      \"absolute_position\": true\r\n    },\r\n    {\r\n      \"type\": \"text\",\r\n      \"cont\": \"<p class=\\\"_Bildunterschrift\\\"><span style=\\\"font-size: 18px;\\\"><span class=\\\"_Bildunterschrift_Kursiv\\\">Ein Faktor der Instabilit\u00e4t,<\/span> 2019<\/span><\/p><p class=\\\"_Bildunterschrift\\\">Grundierung und Pigment auf Baumwolle, 250\u2006\u00d7\u2006270\u2006cm<\/p>\",\r\n      \"align\": \"bottom\",\r\n      \"row\": 1,\r\n      \"col\": 0,\r\n      \"colspan\": 11,\r\n      \"offsetx\": 0,\r\n      \"offsety\": 0,\r\n      \"spaceabove\": 0,\r\n      \"spacebelow\": 20,\r\n      \"yvel\": 1,\r\n      \"push\": 0,\r\n      \"relid\": 11,\r\n      \"frameOverflow\": \"\",\r\n      \"absolute_position\": true\r\n    },\r\n    {\r\n      \"type\": \"img\",\r\n      \"cont\": \"\/wp-content\/uploads\/2022\/04\/mirjam-walter_ein-leben-bekommen_11.jpg\",\r\n      \"align\": \"middle\",\r\n      \"row\": 1,\r\n      \"col\": 4,\r\n      \"colspan\": 10,\r\n      \"offsetx\": 0,\r\n      \"offsety\": 0,\r\n      \"spaceabove\": 0,\r\n      \"spacebelow\": 20,\r\n      \"yvel\": 1,\r\n      \"push\": 4,\r\n      \"relid\": 127,\r\n      \"attid\": 133,\r\n      \"sizes\": {\r\n        \"full\": \"\/wp-content\/uploads\/2022\/04\/mirjam-walter_ein-leben-bekommen_11.jpg\",\r\n        \"_1920\": \"\/wp-content\/uploads\/2022\/04\/mirjam-walter_ein-leben-bekommen_11-1920x1280.jpg\",\r\n        \"_1280\": \"\/wp-content\/uploads\/2022\/04\/mirjam-walter_ein-leben-bekommen_11-1280x853.jpg\",\r\n        \"_1024\": \"\/wp-content\/uploads\/2022\/04\/mirjam-walter_ein-leben-bekommen_11-1024x682.jpg\",\r\n        \"_768\": \"\/wp-content\/uploads\/2022\/04\/mirjam-walter_ein-leben-bekommen_11-768x512.jpg\",\r\n        \"_512\": \"\/wp-content\/uploads\/2022\/04\/mirjam-walter_ein-leben-bekommen_11-512x341.jpg\",\r\n        \"_265\": \"\/wp-content\/uploads\/2022\/04\/mirjam-walter_ein-leben-bekommen_11-265x177.jpg\"\r\n      },\r\n      \"w\": 2000,\r\n      \"h\": 1333,\r\n      \"ar\": 0.6665,\r\n      \"alt\": \"\",\r\n      \"frameOverflow\": \"\",\r\n      \"absolute_position\": true\r\n    },\r\n    {\r\n      \"type\": \"text\",\r\n      \"cont\": \"<p style=\\\"text-align: right;\\\"><span style=\\\"font-size: 18px;\\\"><a href=\\\"https:\/\/mirjamwalter.com\/de\/ausstellungen\/ein-leben-bekommen-text\/\\\" data-catid=\\\"[9]\\\">Text zur Ausstellung<\/a><\/span><\/p>\",\r\n      \"align\": \"bottom\",\r\n      \"row\": 1,\r\n      \"col\": 11,\r\n      \"colspan\": 7,\r\n      \"offsetx\": 0,\r\n      \"offsety\": 0,\r\n      \"spaceabove\": 0,\r\n      \"spacebelow\": 20,\r\n      \"yvel\": 1,\r\n      \"push\": 11,\r\n      \"relid\": 12,\r\n      \"frameOverflow\": \"\",\r\n      \"absolute_position\": true\r\n    },\r\n    {\r\n      \"type\": \"text\",\r\n      \"cont\": \"<p class=\\\"_Bildunterschrift\\\"><span style=\\\"font-size: 18px;\\\"><span class=\\\"_Bildunterschrift_Kursiv\\\">I am no body like a house is not a home,<\/span> 2019<\/span><\/p><p class=\\\"_Bildunterschrift\\\">Metall, 2,1\u2006\u00d7\u20062,1\u2006\u00d7\u20063,4\u2006m<\/p>\",\r\n      \"align\": \"bottom\",\r\n      \"row\": 2,\r\n      \"col\": 0,\r\n      \"colspan\": 11,\r\n      \"offsetx\": 0,\r\n      \"offsety\": 0,\r\n      \"spaceabove\": 0,\r\n      \"spacebelow\": 20,\r\n      \"yvel\": 1,\r\n      \"push\": 0,\r\n      \"relid\": 21,\r\n      \"frameOverflow\": \"\",\r\n      \"absolute_position\": true\r\n    },\r\n    {\r\n      \"type\": \"text\",\r\n      \"cont\": \"<p style=\\\"text-align: right;\\\"><span style=\\\"font-size: 18px;\\\"><a href=\\\"https:\/\/mirjamwalter.com\/de\/ausstellungen\/ein-leben-bekommen-text\/\\\" data-catid=\\\"[9]\\\">Text zur Ausstellung<\/a><\/span><\/p>\",\r\n      \"align\": \"bottom\",\r\n      \"row\": 2,\r\n      \"col\": 11,\r\n      \"colspan\": 7,\r\n      \"offsetx\": 0,\r\n      \"offsety\": 0,\r\n      \"spaceabove\": 0,\r\n      \"spacebelow\": 20,\r\n      \"yvel\": 1,\r\n      \"push\": 11,\r\n      \"relid\": 24,\r\n      \"frameOverflow\": \"\",\r\n      \"absolute_position\": true\r\n    },\r\n    {\r\n      \"type\": \"text\",\r\n      \"cont\": \"<p class=\\\"_Bildunterschrift\\\"><span style=\\\"font-size: 18px;\\\"><span class=\\\"_Bildunterschrift_Kursiv\\\">Ich wei\u00df nicht was ich mit meinen H\u00e4nden machen soll,<\/span> 2017<\/span><\/p><p class=\\\"_Bildunterschrift\\\">Mischtechnik auf Baumwolle, 220\u2006\u00d7\u2006140\u2006cm<\/p>\",\r\n      \"align\": \"bottom\",\r\n      \"row\": 3,\r\n      \"col\": 0,\r\n      \"colspan\": 11,\r\n      \"offsetx\": 0,\r\n      \"offsety\": 0,\r\n      \"spaceabove\": 0,\r\n      \"spacebelow\": 20,\r\n      \"yvel\": 1,\r\n      \"push\": 0,\r\n      \"relid\": 4,\r\n      \"frameOverflow\": \"\",\r\n      \"absolute_position\": true\r\n    },\r\n    {\r\n      \"type\": \"img\",\r\n      \"cont\": \"\/wp-content\/uploads\/2022\/04\/mirjam-walter_ein-leben-bekommen_4.jpg\",\r\n      \"align\": \"middle\",\r\n      \"row\": 3,\r\n      \"col\": 6,\r\n      \"colspan\": 5,\r\n      \"offsetx\": 3.5,\r\n      \"offsety\": 0,\r\n      \"spaceabove\": 0,\r\n      \"spacebelow\": 20,\r\n      \"yvel\": 1,\r\n      \"push\": 6,\r\n      \"relid\": 204,\r\n      \"attid\": 245,\r\n      \"sizes\": {\r\n        \"full\": \"\/wp-content\/uploads\/2022\/04\/mirjam-walter_ein-leben-bekommen_4.jpg\",\r\n        \"_1024\": \"\/wp-content\/uploads\/2022\/04\/mirjam-walter_ein-leben-bekommen_4-1024x1611.jpg\",\r\n        \"_768\": \"\/wp-content\/uploads\/2022\/04\/mirjam-walter_ein-leben-bekommen_4-768x1208.jpg\",\r\n        \"_512\": \"\/wp-content\/uploads\/2022\/04\/mirjam-walter_ein-leben-bekommen_4-512x806.jpg\",\r\n        \"_265\": \"\/wp-content\/uploads\/2022\/04\/mirjam-walter_ein-leben-bekommen_4-265x417.jpg\"\r\n      },\r\n      \"w\": 1271,\r\n      \"h\": 2000,\r\n      \"ar\": 1.5735641227380015,\r\n      \"alt\": \"\",\r\n      \"frameOverflow\": \"\",\r\n      \"absolute_position\": true\r\n    },\r\n    {\r\n      \"type\": \"text\",\r\n      \"cont\": \"<p style=\\\"text-align: right;\\\"><span style=\\\"font-size: 18px;\\\"><a href=\\\"https:\/\/mirjamwalter.com\/de\/ausstellungen\/ein-leben-bekommen-text\/\\\" data-catid=\\\"[9]\\\">Text zur Ausstellung<\/a><\/span><\/p>\",\r\n      \"align\": \"bottom\",\r\n      \"row\": 3,\r\n      \"col\": 11,\r\n      \"colspan\": 7,\r\n      \"offsetx\": 0,\r\n      \"offsety\": 0,\r\n      \"spaceabove\": 0,\r\n      \"spacebelow\": 20,\r\n      \"yvel\": 1,\r\n      \"push\": 11,\r\n      \"relid\": 19,\r\n      \"frameOverflow\": \"\",\r\n      \"absolute_position\": true\r\n    },\r\n    {\r\n      \"type\": \"text\",\r\n      \"cont\": \"<p class=\\\"_Bildunterschrift\\\"><span style=\\\"font-size: 18px;\\\"><span class=\\\"_Bildunterschrift_Kursiv\\\">Ohne Titel,<\/span> 2018<\/span><\/p><p class=\\\"_Bildunterschrift\\\">\u00d6l auf Teppichboden, 350\u2006\u00d7\u2006230\u2006cm<\/p>\",\r\n      \"align\": \"bottom\",\r\n      \"row\": 4,\r\n      \"col\": 0,\r\n      \"colspan\": 11,\r\n      \"offsetx\": 0,\r\n      \"offsety\": 0,\r\n      \"spaceabove\": 0,\r\n      \"spacebelow\": 20,\r\n      \"yvel\": 1,\r\n      \"push\": 0,\r\n      \"relid\": 136,\r\n      \"frameOverflow\": \"\",\r\n      \"absolute_position\": true\r\n    },\r\n    {\r\n      \"type\": \"text\",\r\n      \"cont\": \"<p style=\\\"text-align: right;\\\"><span style=\\\"font-size: 18px;\\\"><a href=\\\"https:\/\/mirjamwalter.com\/de\/ausstellungen\/ein-leben-bekommen-text\/\\\" data-catid=\\\"[9]\\\">Text zur Ausstellung<\/a><\/span><\/p>\",\r\n      \"align\": \"bottom\",\r\n      \"row\": 4,\r\n      \"col\": 11,\r\n      \"colspan\": 7,\r\n      \"offsetx\": 0,\r\n      \"offsety\": 0,\r\n      \"spaceabove\": 0,\r\n      \"spacebelow\": 20,\r\n      \"yvel\": 1,\r\n      \"push\": 11,\r\n      \"relid\": 137,\r\n      \"frameOverflow\": \"\",\r\n      \"absolute_position\": true\r\n    },\r\n    {\r\n      \"type\": \"text\",\r\n      \"cont\": \"<p class=\\\"_Bildunterschrift\\\">Ausstellungsansicht <span class=\\\"_Bildunterschrift_Kursiv\\\">Ein Leben bekommen, <\/span>Pavillon 17, AdbK N\u00fcrnberg, 2019<\/p>\",\r\n      \"align\": \"bottom\",\r\n      \"row\": 5,\r\n      \"col\": 0,\r\n      \"colspan\": 11,\r\n      \"offsetx\": 0,\r\n      \"offsety\": 0,\r\n      \"spaceabove\": 0,\r\n      \"spacebelow\": 20,\r\n      \"yvel\": 1,\r\n      \"push\": 0,\r\n      \"relid\": 13,\r\n      \"frameOverflow\": \"\",\r\n      \"absolute_position\": true\r\n    },\r\n    {\r\n      \"type\": \"text\",\r\n      \"cont\": \"<p style=\\\"text-align: right;\\\"><span style=\\\"font-size: 18px;\\\"><a href=\\\"https:\/\/mirjamwalter.com\/de\/ausstellungen\/ein-leben-bekommen-text\/\\\" data-catid=\\\"[9]\\\">Text zur Ausstellung<\/a><\/span><\/p>\",\r\n      \"align\": \"bottom\",\r\n      \"row\": 5,\r\n      \"col\": 11,\r\n      \"colspan\": 7,\r\n      \"offsetx\": 0,\r\n      \"offsety\": 0,\r\n      \"spaceabove\": 0,\r\n      \"spacebelow\": 20,\r\n      \"yvel\": 1,\r\n      \"push\": 11,\r\n      \"relid\": 6,\r\n      \"classes\": \"fixi\",\r\n      \"frameOverflow\": \"\",\r\n      \"absolute_position\": true\r\n    },\r\n    {\r\n      \"type\": \"text\",\r\n      \"cont\": \"<p class=\\\"_Bildunterschrift\\\"><span style=\\\"font-size: 18px;\\\"><span class=\\\"_Bildunterschrift_Kursiv\\\">Ohne Titel,<\/span> 2018<\/span><\/p><p class=\\\"_Bildunterschrift\\\">Mischtechnik auf Nessel, 45\u2006\u00d7\u200635\u2006cm<\/p>\",\r\n      \"align\": \"bottom\",\r\n      \"row\": 6,\r\n      \"col\": 0,\r\n      \"colspan\": 11,\r\n      \"offsetx\": 0,\r\n      \"offsety\": 0,\r\n      \"spaceabove\": 0,\r\n      \"spacebelow\": 20,\r\n      \"yvel\": 1,\r\n      \"push\": 0,\r\n      \"relid\": 5,\r\n      \"classes\": \"blend\",\r\n      \"frameOverflow\": \"\",\r\n      \"absolute_position\": true\r\n    },\r\n    {\r\n      \"type\": \"img\",\r\n      \"cont\": \"\/wp-content\/uploads\/2022\/04\/mirjam-walter_ein-leben-bekommen_3_johannes-kersting.jpg\",\r\n      \"align\": \"middle\",\r\n      \"row\": 6,\r\n      \"col\": 4,\r\n      \"colspan\": 10,\r\n      \"offsetx\": 0,\r\n      \"offsety\": 0,\r\n      \"spaceabove\": 0,\r\n      \"spacebelow\": 20,\r\n      \"yvel\": 1,\r\n      \"push\": 4,\r\n      \"relid\": 135,\r\n      \"attid\": 147,\r\n      \"sizes\": {\r\n        \"full\": \"\/wp-content\/uploads\/2022\/04\/mirjam-walter_ein-leben-bekommen_3_johannes-kersting.jpg\",\r\n        \"_1920\": \"\/wp-content\/uploads\/2022\/04\/mirjam-walter_ein-leben-bekommen_3_johannes-kersting-1920x1440.jpg\",\r\n        \"_1280\": \"\/wp-content\/uploads\/2022\/04\/mirjam-walter_ein-leben-bekommen_3_johannes-kersting-1280x960.jpg\",\r\n        \"_1024\": \"\/wp-content\/uploads\/2022\/04\/mirjam-walter_ein-leben-bekommen_3_johannes-kersting-1024x768.jpg\",\r\n        \"_768\": \"\/wp-content\/uploads\/2022\/04\/mirjam-walter_ein-leben-bekommen_3_johannes-kersting-768x576.jpg\",\r\n        \"_512\": \"\/wp-content\/uploads\/2022\/04\/mirjam-walter_ein-leben-bekommen_3_johannes-kersting-512x384.jpg\",\r\n        \"_265\": \"\/wp-content\/uploads\/2022\/04\/mirjam-walter_ein-leben-bekommen_3_johannes-kersting-265x199.jpg\"\r\n      },\r\n      \"w\": 2000,\r\n      \"h\": 1500,\r\n      \"ar\": 0.75,\r\n      \"alt\": \"\",\r\n      \"frameOverflow\": \"\",\r\n      \"absolute_position\": true\r\n    },\r\n    {\r\n      \"type\": \"text\",\r\n      \"cont\": \"<p style=\\\"text-align: right;\\\"><span style=\\\"font-size: 18px;\\\"><a href=\\\"https:\/\/mirjamwalter.com\/de\/ausstellungen\/ein-leben-bekommen-text\/\\\" data-catid=\\\"[9]\\\">Text zur Ausstellung<\/a><\/span><\/p>\",\r\n      \"align\": \"bottom\",\r\n      \"row\": 6,\r\n      \"col\": 11,\r\n      \"colspan\": 7,\r\n      \"offsetx\": 0,\r\n      \"offsety\": 0,\r\n      \"spaceabove\": 0,\r\n      \"spacebelow\": 20,\r\n      \"yvel\": 1,\r\n      \"push\": 11,\r\n      \"relid\": 7,\r\n      \"frameOverflow\": \"\",\r\n      \"absolute_position\": true\r\n    },\r\n    {\r\n      \"type\": \"text\",\r\n      \"cont\": \"<p class=\\\"_Bildunterschrift\\\">Ausstellungsansicht <span class=\\\"_Bildunterschrift_Kursiv\\\">Ein Leben bekommen, <\/span>Pavillon 17, AdbK N\u00fcrnberg, 2019<\/p>\",\r\n      \"align\": \"bottom\",\r\n      \"row\": 7,\r\n      \"col\": 0,\r\n      \"colspan\": 11,\r\n      \"offsetx\": 0,\r\n      \"offsety\": 0,\r\n      \"spaceabove\": 0,\r\n      \"spacebelow\": 20,\r\n      \"yvel\": 1,\r\n      \"push\": 0,\r\n      \"relid\": 30,\r\n      \"absolute_position\": true,\r\n      \"frameOverflow\": \"\"\r\n    },\r\n    {\r\n      \"type\": \"text\",\r\n      \"cont\": \"<p style=\\\"text-align: right;\\\"><span style=\\\"font-size: 18px;\\\"><a href=\\\"https:\/\/mirjamwalter.com\/de\/ausstellungen\/ein-leben-bekommen-text\/\\\" data-catid=\\\"[9]\\\">Text zur Ausstellung<\/a><\/span><\/p>\",\r\n      \"align\": \"bottom\",\r\n      \"row\": 7,\r\n      \"col\": 11,\r\n      \"colspan\": 7,\r\n      \"offsetx\": 0,\r\n      \"offsety\": 0,\r\n      \"spaceabove\": 0,\r\n      \"spacebelow\": 20,\r\n      \"yvel\": 1,\r\n      \"push\": 11,\r\n      \"relid\": 26,\r\n      \"frameOverflow\": \"\",\r\n      \"absolute_position\": true\r\n    },\r\n    {\r\n      \"type\": \"text\",\r\n      \"cont\": \"<p class=\\\"_Bildunterschrift\\\"><span style=\\\"font-size: 18px;\\\"><span class=\\\"_Bildunterschrift_Kursiv\\\">Bett unter dem Tisch,<\/span> 2019<\/span><\/p><p class=\\\"_Bildunterschrift\\\">Ton-Relief und Stirnlampe, 20\u2006\u00d7\u200627\u2006cm<\/p>\",\r\n      \"align\": \"bottom\",\r\n      \"row\": 8,\r\n      \"col\": 0,\r\n      \"colspan\": 11,\r\n      \"offsetx\": 0,\r\n      \"offsety\": 0,\r\n      \"spaceabove\": 0,\r\n      \"spacebelow\": 20,\r\n      \"yvel\": 1,\r\n      \"push\": 0,\r\n      \"relid\": 14,\r\n      \"frameOverflow\": \"\",\r\n      \"absolute_position\": true\r\n    },\r\n    {\r\n      \"type\": \"text\",\r\n      \"cont\": \"<p style=\\\"text-align: right;\\\"><span style=\\\"font-size: 18px;\\\"><a href=\\\"https:\/\/mirjamwalter.com\/de\/ausstellungen\/ein-leben-bekommen-text\/\\\" data-catid=\\\"[9]\\\">Text zur Ausstellung<\/a><\/span><\/p>\",\r\n      \"align\": \"bottom\",\r\n      \"row\": 8,\r\n      \"col\": 11,\r\n      \"colspan\": 7,\r\n      \"offsetx\": 0,\r\n      \"offsety\": 0,\r\n      \"spaceabove\": 0,\r\n      \"spacebelow\": 20,\r\n      \"yvel\": 1,\r\n      \"push\": 11,\r\n      \"relid\": 25,\r\n      \"frameOverflow\": \"\",\r\n      \"absolute_position\": true\r\n    },\r\n    {\r\n      \"type\": \"text\",\r\n      \"cont\": \"<p class=\\\"_Bildunterschrift\\\"><span style=\\\"font-size: 18px;\\\"><span class=\\\"_Bildunterschrift_Kursiv\\\">Wenn\/weil ich gro\u00df bin,<\/span> 2019<\/span><\/p><p class=\\\"_Bildunterschrift\\\">Ton und Holz, ca. 70\u2006cm<\/p>\",\r\n      \"align\": \"bottom\",\r\n      \"row\": 9,\r\n      \"col\": 0,\r\n      \"colspan\": 11,\r\n      \"offsetx\": 0,\r\n      \"offsety\": 0,\r\n      \"spaceabove\": 0,\r\n      \"spacebelow\": 20,\r\n      \"yvel\": 1,\r\n      \"push\": 0,\r\n      \"relid\": 144,\r\n      \"frameOverflow\": \"\",\r\n      \"absolute_position\": true\r\n    },\r\n    {\r\n      \"type\": \"text\",\r\n      \"cont\": \"<p style=\\\"text-align: right;\\\"><span style=\\\"font-size: 18px;\\\"><a href=\\\"https:\/\/mirjamwalter.com\/de\/ausstellungen\/ein-leben-bekommen-text\/\\\" data-catid=\\\"[9]\\\">Text zur Ausstellung<\/a><\/span><\/p>\",\r\n      \"align\": \"bottom\",\r\n      \"row\": 9,\r\n      \"col\": 11,\r\n      \"colspan\": 7,\r\n      \"offsetx\": 0,\r\n      \"offsety\": 0,\r\n      \"spaceabove\": 0,\r\n      \"spacebelow\": 20,\r\n      \"yvel\": 1,\r\n      \"push\": 11,\r\n      \"relid\": 145,\r\n      \"frameOverflow\": \"\",\r\n      \"absolute_position\": true\r\n    },\r\n    {\r\n      \"type\": \"text\",\r\n      \"cont\": \"<p class=\\\"_Bildunterschrift\\\"><span style=\\\"font-size: 18px;\\\"><span class=\\\"_Bildunterschrift_Kursiv\\\">\u00c4u\u00dferungsbewegungen,<\/span> 2019<\/span><\/p><p class=\\\"_Bildunterschrift\\\">Buttermilch und Pigment auf Glas, 2,6\u2006\u00d7\u20063\u2006m<\/p>\",\r\n      \"align\": \"bottom\",\r\n      \"row\": 10,\r\n      \"col\": 0,\r\n      \"colspan\": 11,\r\n      \"offsetx\": 0,\r\n      \"offsety\": 0,\r\n      \"spaceabove\": 0,\r\n      \"spacebelow\": 20,\r\n      \"yvel\": 1,\r\n      \"push\": 0,\r\n      \"relid\": 16,\r\n      \"frameOverflow\": \"\",\r\n      \"absolute_position\": true\r\n    },\r\n    {\r\n      \"type\": \"img\",\r\n      \"cont\": \"\/wp-content\/uploads\/2022\/04\/mirjam-walter_ein-leben-bekommen_9.jpg\",\r\n      \"align\": \"middle\",\r\n      \"row\": 10,\r\n      \"col\": 4,\r\n      \"colspan\": 10,\r\n      \"offsetx\": 0,\r\n      \"offsety\": 0,\r\n      \"spaceabove\": 0,\r\n      \"spacebelow\": 20,\r\n      \"yvel\": 1,\r\n      \"push\": 4,\r\n      \"relid\": 337,\r\n      \"attid\": 130,\r\n      \"sizes\": {\r\n        \"full\": \"\/wp-content\/uploads\/2022\/04\/mirjam-walter_ein-leben-bekommen_9.jpg\",\r\n        \"_1920\": \"\/wp-content\/uploads\/2022\/04\/mirjam-walter_ein-leben-bekommen_9-1920x1440.jpg\",\r\n        \"_1280\": \"\/wp-content\/uploads\/2022\/04\/mirjam-walter_ein-leben-bekommen_9-1280x960.jpg\",\r\n        \"_1024\": \"\/wp-content\/uploads\/2022\/04\/mirjam-walter_ein-leben-bekommen_9-1024x768.jpg\",\r\n        \"_768\": \"\/wp-content\/uploads\/2022\/04\/mirjam-walter_ein-leben-bekommen_9-768x576.jpg\",\r\n        \"_512\": \"\/wp-content\/uploads\/2022\/04\/mirjam-walter_ein-leben-bekommen_9-512x384.jpg\",\r\n        \"_265\": \"\/wp-content\/uploads\/2022\/04\/mirjam-walter_ein-leben-bekommen_9-265x199.jpg\"\r\n      },\r\n      \"w\": 2000,\r\n      \"h\": 1500,\r\n      \"ar\": 0.75,\r\n      \"alt\": \"\",\r\n      \"absolute_position\": true\r\n    },\r\n    {\r\n      \"type\": \"text\",\r\n      \"cont\": \"<p style=\\\"text-align: right;\\\"><span style=\\\"font-size: 18px;\\\"><a href=\\\"https:\/\/mirjamwalter.com\/de\/ausstellungen\/ein-leben-bekommen-text\/\\\" data-catid=\\\"[9]\\\">Text zur Ausstellung<\/a><\/span><\/p>\",\r\n      \"align\": \"bottom\",\r\n      \"row\": 10,\r\n      \"col\": 11,\r\n      \"colspan\": 7,\r\n      \"offsetx\": 0,\r\n      \"offsety\": 0,\r\n      \"spaceabove\": 0,\r\n      \"spacebelow\": 20,\r\n      \"yvel\": 1,\r\n      \"push\": 11,\r\n      \"relid\": 27,\r\n      \"frameOverflow\": \"\",\r\n      \"absolute_position\": true\r\n    },\r\n    {\r\n      \"type\": \"text\",\r\n      \"cont\": \"\",\r\n      \"align\": \"bottom\",\r\n      \"row\": 11,\r\n      \"col\": 0,\r\n      \"colspan\": 11,\r\n      \"offsetx\": 0,\r\n      \"offsety\": 0,\r\n      \"spaceabove\": 0,\r\n      \"spacebelow\": 20,\r\n      \"yvel\": 1,\r\n      \"push\": 0,\r\n      \"relid\": 15,\r\n      \"frameOverflow\": \"\",\r\n      \"absolute_position\": true\r\n    },\r\n    {\r\n      \"type\": \"img\",\r\n      \"cont\": \"\/wp-content\/uploads\/2022\/04\/mirjam-walter_ein-leben-bekommen_10.jpg\",\r\n      \"align\": \"middle\",\r\n      \"row\": 11,\r\n      \"col\": 4,\r\n      \"colspan\": 10,\r\n      \"offsetx\": 0,\r\n      \"offsety\": 0,\r\n      \"spaceabove\": 0,\r\n      \"spacebelow\": 20,\r\n      \"yvel\": 1,\r\n      \"push\": 4,\r\n      \"relid\": 203,\r\n      \"attid\": 132,\r\n      \"sizes\": {\r\n        \"full\": \"\/wp-content\/uploads\/2022\/04\/mirjam-walter_ein-leben-bekommen_10.jpg\",\r\n        \"_1920\": \"\/wp-content\/uploads\/2022\/04\/mirjam-walter_ein-leben-bekommen_10-1920x1440.jpg\",\r\n        \"_1280\": \"\/wp-content\/uploads\/2022\/04\/mirjam-walter_ein-leben-bekommen_10-1280x960.jpg\",\r\n        \"_1024\": \"\/wp-content\/uploads\/2022\/04\/mirjam-walter_ein-leben-bekommen_10-1024x768.jpg\",\r\n        \"_768\": \"\/wp-content\/uploads\/2022\/04\/mirjam-walter_ein-leben-bekommen_10-768x576.jpg\",\r\n        \"_512\": \"\/wp-content\/uploads\/2022\/04\/mirjam-walter_ein-leben-bekommen_10-512x384.jpg\",\r\n        \"_265\": \"\/wp-content\/uploads\/2022\/04\/mirjam-walter_ein-leben-bekommen_10-265x199.jpg\"\r\n      },\r\n      \"w\": 2000,\r\n      \"h\": 1500,\r\n      \"ar\": 0.75,\r\n      \"alt\": \"\",\r\n      \"absolute_position\": true\r\n    },\r\n    {\r\n      \"type\": \"text\",\r\n      \"cont\": \"<p style=\\\"text-align: right;\\\"><span style=\\\"font-size: 18px;\\\"><a href=\\\"https:\/\/mirjamwalter.com\/de\/ausstellungen\/ein-leben-bekommen-text\/\\\" data-catid=\\\"[9]\\\">Text zur Ausstellung<\/a><\/span><\/p>\",\r\n      \"align\": \"bottom\",\r\n      \"row\": 11,\r\n      \"col\": 11,\r\n      \"colspan\": 7,\r\n      \"offsetx\": 0,\r\n      \"offsety\": 0,\r\n      \"spaceabove\": 0,\r\n      \"spacebelow\": 20,\r\n      \"yvel\": 1,\r\n      \"push\": 11,\r\n      \"relid\": 28,\r\n      \"frameOverflow\": \"\",\r\n      \"absolute_position\": true\r\n    },\r\n    {\r\n      \"type\": \"text\",\r\n      \"cont\": \"<p class=\\\"_Bildunterschrift\\\"><span style=\\\"font-size: 18px;\\\"><span class=\\\"_Bildunterschrift_Kursiv\\\">Ohne Titel,<\/span> 2019<\/span><\/p><p class=\\\"_Bildunterschrift\\\">Grundierung und Pigment auf Baumwolle, 50\u2006\u00d7\u200640\u2006cm<\/p>\",\r\n      \"align\": \"bottom\",\r\n      \"row\": 12,\r\n      \"col\": 0,\r\n      \"colspan\": 11,\r\n      \"offsetx\": 0,\r\n      \"offsety\": 0,\r\n      \"spaceabove\": 0,\r\n      \"spacebelow\": 20,\r\n      \"yvel\": 1,\r\n      \"push\": 0,\r\n      \"relid\": 18,\r\n      \"frameOverflow\": \"\",\r\n      \"absolute_position\": true\r\n    },\r\n    {\r\n      \"type\": \"text\",\r\n      \"cont\": \"<p style=\\\"text-align: right;\\\"><span style=\\\"font-size: 18px;\\\"><a href=\\\"https:\/\/mirjamwalter.com\/de\/ausstellungen\/ein-leben-bekommen-text\/\\\" data-catid=\\\"[9]\\\">Text zur Ausstellung<\/a><\/span><\/p>\",\r\n      \"align\": \"bottom\",\r\n      \"row\": 12,\r\n      \"col\": 11,\r\n      \"colspan\": 7,\r\n      \"offsetx\": 0,\r\n      \"offsety\": 0,\r\n      \"spaceabove\": 0,\r\n      \"spacebelow\": 20,\r\n      \"yvel\": 1,\r\n      \"push\": 11,\r\n      \"relid\": 29,\r\n      \"frameOverflow\": \"\",\r\n      \"absolute_position\": true\r\n    },\r\n    {\r\n      \"type\": \"text\",\r\n      \"cont\": \"<p class=\\\"_Bildunterschrift\\\"><span style=\\\"font-size: 18px;\\\"><span class=\\\"_Bildunterschrift_Kursiv\\\">Absorbing an eruptive flux,<\/span> 2019<\/span><\/p><p class=\\\"_Bildunterschrift\\\">Mischtechnik auf Baumwolle, 70\u2006\u00d7\u2006100\u2006cm<\/p>\",\r\n      \"align\": \"bottom\",\r\n      \"row\": 13,\r\n      \"col\": 0,\r\n      \"colspan\": 11,\r\n      \"offsetx\": 0,\r\n      \"offsety\": 0,\r\n      \"spaceabove\": 0,\r\n      \"spacebelow\": 20,\r\n      \"yvel\": 1,\r\n      \"push\": 0,\r\n      \"relid\": 333,\r\n      \"absolute_position\": true,\r\n      \"frameOverflow\": \"\"\r\n    },\r\n    {\r\n      \"type\": \"text\",\r\n      \"cont\": \"<p style=\\\"text-align: right;\\\"><span style=\\\"font-size: 18px;\\\"><a href=\\\"https:\/\/mirjamwalter.com\/de\/ausstellungen\/ein-leben-bekommen-text\/\\\" data-catid=\\\"[9]\\\">Text zur Ausstellung<\/a><\/span><\/p>\",\r\n      \"align\": \"bottom\",\r\n      \"row\": 13,\r\n      \"col\": 11,\r\n      \"colspan\": 7,\r\n      \"offsetx\": 0,\r\n      \"offsety\": 0,\r\n      \"spaceabove\": 0,\r\n      \"spacebelow\": 20,\r\n      \"yvel\": 1,\r\n      \"push\": 11,\r\n      \"relid\": 435,\r\n      \"frameOverflow\": \"\",\r\n      \"absolute_position\": true\r\n    },\r\n    {\r\n      \"type\": \"text\",\r\n      \"cont\": \"<p><a href=\\\"https:\/\/mirjamwalter.com\/de\/ausstellungen\/stoffwechsel\/\\\" data-type=\\\"project\\\" data-id=\\\"737\\\" data-title=\\\"stoffwechsel\\\" data-catid=\\\"[9]\\\" data-hoverimageid=\\\"700\\\" data-hoverimagesmallsrc=\\\"\/wp-content\/uploads\/2024\/09\/1_Mirjam-Walter_Stoffwechsel_Galerie_fuer_Gegenwartskunst_Freiburg_2024-265x177.jpg\\\"><span class=\\\"_Standard_Kursiv\\\">stoffwechsel, <\/span><\/a><br \/><a href=\\\"https:\/\/mirjamwalter.com\/de\/ausstellungen\/stoffwechsel\/\\\" data-type=\\\"project\\\" data-id=\\\"737\\\" data-title=\\\"stoffwechsel\\\" data-catid=\\\"[9]\\\" data-hoverimageid=\\\"700\\\" data-hoverimagesmallsrc=\\\"\/wp-content\/uploads\/2024\/09\/1_Mirjam-Walter_Stoffwechsel_Galerie_fuer_Gegenwartskunst_Freiburg_2024-265x177.jpg\\\">Galerie f\u00fcr Gegenwartskunst, Freiburg, 2024<\/a><br \/><span class=\\\"_Standard_Kursiv\\\"><br \/><a href=\\\"https:\/\/mirjamwalter.com\/de\/ausstellungen\/she-reset-herself\/\\\" data-type=\\\"project\\\" data-id=\\\"631\\\" data-title=\\\"She Reset Herself\\\" data-catid=\\\"[9]\\\" data-hoverimageid=\\\"614\\\" data-hoverimagesmallsrc=\\\"\/wp-content\/uploads\/2024\/01\/1-Walter_Mirjam_Inside-200-x-125-cm-Oil-and-pastel-on-cotton-2022_photo_Jaewon-Kim-265x177.jpg\\\">She Reset Herself,<\/a><\/span><\/p><p><a href=\\\"https:\/\/mirjamwalter.com\/de\/ausstellungen\/she-reset-herself\/\\\" data-type=\\\"project\\\" data-id=\\\"631\\\" data-title=\\\"She Reset Herself\\\" data-catid=\\\"[9]\\\" data-hoverimageid=\\\"614\\\" data-hoverimagesmallsrc=\\\"\/wp-content\/uploads\/2024\/01\/1-Walter_Mirjam_Inside-200-x-125-cm-Oil-and-pastel-on-cotton-2022_photo_Jaewon-Kim-265x177.jpg\\\">HfbK Hamburg, 2023<\/a><\/p><p>\u00a0<\/p><p><a href=\\\"https:\/\/mirjamwalter.com\/de\/ausstellungen\/ungehalten\/\\\" data-type=\\\"project\\\" data-id=\\\"520\\\" data-title=\\\"Ungehalten\\\" data-catid=\\\"[9]\\\" data-hoverimageid=\\\"519\\\" data-hoverimagesmallsrc=\\\"\/wp-content\/uploads\/2022\/09\/mirjam-walter_ungehalten-18_foto_gretje-treiber-265x177.jpg\\\"><span class=\\\"_Standard_Kursiv\\\">Ungehalten,<\/span><\/a><\/p><p><a href=\\\"https:\/\/mirjamwalter.com\/de\/ausstellungen\/ungehalten\/\\\" data-type=\\\"project\\\" data-id=\\\"520\\\" data-title=\\\"Ungehalten\\\" data-catid=\\\"[9]\\\" data-hoverimageid=\\\"519\\\" data-hoverimagesmallsrc=\\\"\/wp-content\/uploads\/2022\/09\/mirjam-walter_ungehalten-18_foto_gretje-treiber-265x177.jpg\\\">Merdinger Kunstforum, 2022<\/a><\/p><p>\u00a0<\/p><p class=\\\"_Default\\\" style=\\\"text-align: left;\\\"><span class=\\\"_Standard_Kursiv\\\"><a href=\\\"https:\/\/mirjamwalter.com\/de\/ausstellungen\/unheim\/\\\" data-type=\\\"project\\\" data-id=\\\"331\\\" data-title=\\\"Unheim\\\" data-catid=\\\"[9]\\\" data-hoverimageid=\\\"309\\\" data-hoverimagesmallsrc=\\\"\/wp-content\/uploads\/2022\/08\/mirjam-walter_unheim_1_thomasz-skibicki-265x177.jpg\\\">Unheim, <\/a><\/span><br \/><a href=\\\"https:\/\/mirjamwalter.com\/de\/ausstellungen\/unheim\/\\\" data-type=\\\"project\\\" data-id=\\\"331\\\" data-title=\\\"Unheim\\\" data-catid=\\\"[9]\\\" data-hoverimageid=\\\"309\\\" data-hoverimagesmallsrc=\\\"\/wp-content\/uploads\/2022\/08\/mirjam-walter_unheim_1_thomasz-skibicki-265x177.jpg\\\">Kunstbunker N\u00fcrnberg, 2021<\/a><\/p>\",\r\n      \"align\": \"middle\",\r\n      \"row\": 14,\r\n      \"col\": 4,\r\n      \"colspan\": 5,\r\n      \"offsetx\": -1,\r\n      \"offsety\": 0,\r\n      \"spaceabove\": 0,\r\n      \"spacebelow\": 0,\r\n      \"yvel\": 1,\r\n      \"push\": 4,\r\n      \"relid\": 17,\r\n      \"frameOverflow\": \"\",\r\n      \"absolute_position\": true\r\n    },\r\n    {\r\n      \"type\": \"text\",\r\n      \"cont\": \"<p><span class=\\\"_Standard_Kursiv\\\"><a href=\\\"https:\/\/mirjamwalter.com\/de\/ausstellungen\/coiling\/\\\" data-type=\\\"project\\\" data-id=\\\"223\\\" data-title=\\\"Coiling\\\" data-catid=\\\"[9]\\\" data-hoverimageid=\\\"222\\\" data-hoverimagesmallsrc=\\\"\/wp-content\/uploads\/2022\/04\/mirjam-walter_coiling_1_laila-auburger-265x177.jpg\\\">Coiling, <\/a><br \/><a href=\\\"https:\/\/mirjamwalter.com\/de\/ausstellungen\/coiling\/\\\" data-type=\\\"project\\\" data-id=\\\"223\\\" data-title=\\\"Coiling\\\" data-catid=\\\"[9]\\\" data-hoverimageid=\\\"222\\\" data-hoverimagesmallsrc=\\\"\/wp-content\/uploads\/2022\/04\/mirjam-walter_coiling_1_laila-auburger-265x177.jpg\\\">Ausstellungshalle, AdbK N\u00fcrnberg, 2020<\/a><br \/><br \/>Ein Leben bekommen, <\/span><br \/>Pavillon 17, AdbK N\u00fcrnberg, 2019<\/p><p>\u00a0<\/p><p class=\\\"_Default\\\" style=\\\"text-align: left;\\\"><a href=\\\"https:\/\/mirjamwalter.com\/de\/ausstellungen\/a-tooth-for-an-eye\/\\\" data-type=\\\"project\\\" data-id=\\\"341\\\" data-title=\\\"A Tooth for an Eye\\\" data-catid=\\\"[9]\\\" data-hoverimageid=\\\"501\\\" data-hoverimagesmallsrc=\\\"\/wp-content\/uploads\/2022\/09\/mirjam-walter_a-tooth-for-an-eye_1_foto_philipp-haenger-265x177.jpg\\\"><span class=\\\"_Standard_Kursiv\\\">A Tooth for an Eye, <\/span><\/a><br \/><a href=\\\"https:\/\/mirjamwalter.com\/de\/ausstellungen\/a-tooth-for-an-eye\/\\\" data-type=\\\"project\\\" data-id=\\\"341\\\" data-title=\\\"A Tooth for an Eye\\\" data-catid=\\\"[9]\\\" data-hoverimageid=\\\"501\\\" data-hoverimagesmallsrc=\\\"\/wp-content\/uploads\/2022\/09\/mirjam-walter_a-tooth-for-an-eye_1_foto_philipp-haenger-265x177.jpg\\\">Regionale 19, Kunsthalle Basel, 2018<\/a><\/p><p class=\\\"_Default\\\" style=\\\"text-align: left;\\\">\u00a0<\/p><p class=\\\"_Default\\\" style=\\\"text-align: left;\\\"><span class=\\\"_Standard_Kursiv\\\"><a href=\\\"https:\/\/mirjamwalter.com\/de\/ausstellungen\/hallo\/\\\" data-type=\\\"project\\\" data-id=\\\"335\\\" data-title=\\\"Hallo\\\" data-catid=\\\"[9]\\\" data-hoverimageid=\\\"337\\\" data-hoverimagesmallsrc=\\\"\/wp-content\/uploads\/2022\/08\/mirjam-walter_hallo_2_bernhard-strauss-265x199.jpg\\\">Hallo, <\/a><\/span><br \/><a href=\\\"https:\/\/mirjamwalter.com\/de\/ausstellungen\/hallo\/\\\" data-type=\\\"project\\\" data-id=\\\"335\\\" data-title=\\\"Hallo\\\" data-catid=\\\"[9]\\\" data-hoverimageid=\\\"337\\\" data-hoverimagesmallsrc=\\\"\/wp-content\/uploads\/2022\/08\/mirjam-walter_hallo_2_bernhard-strauss-265x199.jpg\\\">Kabuff, E-Werk Freiburg, 2018<\/a><\/p>\",\r\n      \"align\": \"middle\",\r\n      \"row\": 14,\r\n      \"col\": 10,\r\n      \"colspan\": 5,\r\n      \"offsetx\": -1,\r\n      \"offsety\": 0,\r\n      \"spaceabove\": 0,\r\n      \"spacebelow\": 0,\r\n      \"yvel\": 1,\r\n      \"push\": 10,\r\n      \"relid\": 8,\r\n      \"frameOverflow\": \"\",\r\n      \"absolute_position\": true\r\n    }\r\n  ]\r\n}","phonegrid":"{\r\n  \"colCount\": 1,\r\n  \"colGutter\": 1,\r\n  \"rowGutters\": [\r\n    \"50\",\r\n    \"0\"\r\n  ],\r\n  \"frameMargin\": 5,\r\n  \"leftFrameMargin\": 25,\r\n  \"rightFrameMargin\": 25,\r\n  \"topFrameMargin\": \"13\",\r\n  \"bottomFrameMargin\": \"40\",\r\n  \"rowAttrs\": [\r\n    [],\r\n    {\r\n      \"row100vh\": true\r\n    },\r\n    []\r\n  ],\r\n  \"bgColor\": null,\r\n  \"bgImage\": null,\r\n  \"cont\": [\r\n    {\r\n      \"type\": \"text\",\r\n      \"cont\": \"<p><span class=\\\"_Standard_Kursiv\\\">Ein Leben bekommen, <\/span><br \/>Pavillon 17, AdbK N\u00fcrnberg, 2019<\/p>\",\r\n      \"align\": \"top\",\r\n      \"row\": 0,\r\n      \"col\": 0,\r\n      \"colspan\": 1,\r\n      \"offsetx\": 0,\r\n      \"offsety\": 0,\r\n      \"spaceabove\": 0,\r\n      \"spacebelow\": 0,\r\n      \"yvel\": 1,\r\n      \"push\": 0,\r\n      \"relid\": 22,\r\n      \"absolute_position\": false\r\n    },\r\n    {\r\n      \"type\": \"carousel\",\r\n      \"cont\": \"\",\r\n      \"align\": \"top\",\r\n      \"row\": 1,\r\n      \"col\": 0,\r\n      \"colspan\": 1,\r\n      \"offsetx\": 0,\r\n      \"offsety\": 0,\r\n      \"spaceabove\": 0,\r\n      \"spacebelow\": 0,\r\n      \"yvel\": 1,\r\n      \"push\": 0,\r\n      \"relid\": 279,\r\n      \"carousel_options\": {\r\n        \"random\": false,\r\n        \"autoplay\": false,\r\n        \"showMultipleSlides\": false,\r\n        \"freeScroll\": false,\r\n        \"mousewheelScroll\": false,\r\n        \"size\": \"aspectRatioOfFirstElement\",\r\n        \"slidesWidth\": null,\r\n        \"transition\": \"sliding\",\r\n        \"loop\": false,\r\n        \"spaceBetween\": 0,\r\n        \"captionsUnderSlides\": false\r\n      },\r\n      \"carousel\": [\r\n        {\r\n          \"type\": \"img\",\r\n          \"attid\": 124,\r\n          \"cont\": \"\/wp-content\/uploads\/2022\/04\/mirjam-walter_ein-leben-bekommen_1.jpg\",\r\n          \"sizes\": {\r\n            \"full\": \"\/wp-content\/uploads\/2022\/04\/mirjam-walter_ein-leben-bekommen_1.jpg\",\r\n            \"_1920\": \"\/wp-content\/uploads\/2022\/04\/mirjam-walter_ein-leben-bekommen_1-1920x1282.jpg\",\r\n            \"_1280\": \"\/wp-content\/uploads\/2022\/04\/mirjam-walter_ein-leben-bekommen_1-1280x854.jpg\",\r\n            \"_1024\": \"\/wp-content\/uploads\/2022\/04\/mirjam-walter_ein-leben-bekommen_1-1024x684.jpg\",\r\n            \"_768\": \"\/wp-content\/uploads\/2022\/04\/mirjam-walter_ein-leben-bekommen_1-768x513.jpg\",\r\n            \"_512\": \"\/wp-content\/uploads\/2022\/04\/mirjam-walter_ein-leben-bekommen_1-512x342.jpg\",\r\n            \"_265\": \"\/wp-content\/uploads\/2022\/04\/mirjam-walter_ein-leben-bekommen_1-265x177.jpg\"\r\n          },\r\n          \"w\": 2000,\r\n          \"h\": 1335,\r\n          \"ar\": 0.6675,\r\n          \"alt\": \"\",\r\n          \"caption\": \"<p class=\\\"_Bildunterschrift\\\"><span class=\\\"_Bildunterschrift_Kursiv\\\">I am no body like a house is not a home,<\/span> 2019<\/p><p class=\\\"_Bildunterschrift\\\">10\u2006\u00d7\u20064,4\u2006m Baumwollstoff, davon 220\u2006\u00d7\u2006160\u2006cm aufgespannt und mit Gouache und \u00d6l bemalt<\/p>\"\r\n        },\r\n        {\r\n          \"type\": \"img\",\r\n          \"attid\": 133,\r\n          \"cont\": \"\/wp-content\/uploads\/2022\/04\/mirjam-walter_ein-leben-bekommen_11.jpg\",\r\n          \"sizes\": {\r\n            \"full\": \"\/wp-content\/uploads\/2022\/04\/mirjam-walter_ein-leben-bekommen_11.jpg\",\r\n            \"_1920\": \"\/wp-content\/uploads\/2022\/04\/mirjam-walter_ein-leben-bekommen_11-1920x1280.jpg\",\r\n            \"_1280\": \"\/wp-content\/uploads\/2022\/04\/mirjam-walter_ein-leben-bekommen_11-1280x853.jpg\",\r\n            \"_1024\": \"\/wp-content\/uploads\/2022\/04\/mirjam-walter_ein-leben-bekommen_11-1024x682.jpg\",\r\n            \"_768\": \"\/wp-content\/uploads\/2022\/04\/mirjam-walter_ein-leben-bekommen_11-768x512.jpg\",\r\n            \"_512\": \"\/wp-content\/uploads\/2022\/04\/mirjam-walter_ein-leben-bekommen_11-512x341.jpg\",\r\n            \"_265\": \"\/wp-content\/uploads\/2022\/04\/mirjam-walter_ein-leben-bekommen_11-265x177.jpg\"\r\n          },\r\n          \"w\": 2000,\r\n          \"h\": 1333,\r\n          \"ar\": 0.6665,\r\n          \"alt\": \"\",\r\n          \"caption\": \"<p class=\\\"_Bildunterschrift\\\"><span class=\\\"_Bildunterschrift_Kursiv\\\">Ein Faktor der Instabilit\u00e4t,<\/span> 2019<\/p><p class=\\\"_Bildunterschrift\\\">Grundierung und Pigment auf Baumwolle, 250\u2006\u00d7\u2006270\u2006cm<\/p>\"\r\n        },\r\n        {\r\n          \"type\": \"img\",\r\n          \"attid\": 129,\r\n          \"cont\": \"\/wp-content\/uploads\/2022\/04\/mirjam-walter_ein-leben-bekommen_7.jpg\",\r\n          \"sizes\": {\r\n            \"full\": \"\/wp-content\/uploads\/2022\/04\/mirjam-walter_ein-leben-bekommen_7.jpg\",\r\n            \"_1920\": \"\/wp-content\/uploads\/2022\/04\/mirjam-walter_ein-leben-bekommen_7-1920x1280.jpg\",\r\n            \"_1280\": \"\/wp-content\/uploads\/2022\/04\/mirjam-walter_ein-leben-bekommen_7-1280x853.jpg\",\r\n            \"_1024\": \"\/wp-content\/uploads\/2022\/04\/mirjam-walter_ein-leben-bekommen_7-1024x682.jpg\",\r\n            \"_768\": \"\/wp-content\/uploads\/2022\/04\/mirjam-walter_ein-leben-bekommen_7-768x512.jpg\",\r\n            \"_512\": \"\/wp-content\/uploads\/2022\/04\/mirjam-walter_ein-leben-bekommen_7-512x341.jpg\",\r\n            \"_265\": \"\/wp-content\/uploads\/2022\/04\/mirjam-walter_ein-leben-bekommen_7-265x177.jpg\"\r\n          },\r\n          \"w\": 2000,\r\n          \"h\": 1333,\r\n          \"ar\": 0.6665,\r\n          \"alt\": \"\",\r\n          \"caption\": \"<p class=\\\"_Bildunterschrift\\\"><span class=\\\"_Bildunterschrift_Kursiv\\\">I am no body like a house is not a home,<\/span> 2019<\/p><p class=\\\"_Bildunterschrift\\\">Metall, 2,1\u2006\u00d7\u20062,1\u2006\u00d7\u20063,4\u2006m<\/p>\"\r\n        },\r\n        {\r\n          \"type\": \"img\",\r\n          \"attid\": 245,\r\n          \"cont\": \"\/wp-content\/uploads\/2022\/04\/mirjam-walter_ein-leben-bekommen_4.jpg\",\r\n          \"sizes\": {\r\n            \"full\": \"\/wp-content\/uploads\/2022\/04\/mirjam-walter_ein-leben-bekommen_4.jpg\",\r\n            \"_1024\": \"\/wp-content\/uploads\/2022\/04\/mirjam-walter_ein-leben-bekommen_4-1024x1611.jpg\",\r\n            \"_768\": \"\/wp-content\/uploads\/2022\/04\/mirjam-walter_ein-leben-bekommen_4-768x1208.jpg\",\r\n            \"_512\": \"\/wp-content\/uploads\/2022\/04\/mirjam-walter_ein-leben-bekommen_4-512x806.jpg\",\r\n            \"_265\": \"\/wp-content\/uploads\/2022\/04\/mirjam-walter_ein-leben-bekommen_4-265x417.jpg\"\r\n          },\r\n          \"w\": 1271,\r\n          \"h\": 2000,\r\n          \"ar\": 1.5735641227380015,\r\n          \"alt\": \"\",\r\n          \"caption\": \"<p class=\\\"_Bildunterschrift\\\"><span class=\\\"_Bildunterschrift_Kursiv\\\">Ich wei\u00df nicht was ich mit meinen H\u00e4nden machen soll,<\/span> 2017<\/p><p class=\\\"_Bildunterschrift\\\">Mischtechnik auf Baumwolle, 220\u2006\u00d7\u2006140\u2006cm<\/p>\"\r\n        },\r\n        {\r\n          \"type\": \"img\",\r\n          \"attid\": 354,\r\n          \"cont\": \"\/wp-content\/uploads\/2022\/08\/mirjam-walter_ein-leben-bekommen_2.jpg\",\r\n          \"sizes\": {\r\n            \"full\": \"\/wp-content\/uploads\/2022\/08\/mirjam-walter_ein-leben-bekommen_2.jpg\",\r\n            \"_1280\": \"\/wp-content\/uploads\/2022\/08\/mirjam-walter_ein-leben-bekommen_2-1280x1919.jpg\",\r\n            \"_1024\": \"\/wp-content\/uploads\/2022\/08\/mirjam-walter_ein-leben-bekommen_2-1024x1535.jpg\",\r\n            \"_768\": \"\/wp-content\/uploads\/2022\/08\/mirjam-walter_ein-leben-bekommen_2-768x1151.jpg\",\r\n            \"_512\": \"\/wp-content\/uploads\/2022\/08\/mirjam-walter_ein-leben-bekommen_2-512x768.jpg\",\r\n            \"_265\": \"\/wp-content\/uploads\/2022\/08\/mirjam-walter_ein-leben-bekommen_2-265x397.jpg\"\r\n          },\r\n          \"w\": 1334,\r\n          \"h\": 2000,\r\n          \"ar\": 1.4992503748125936,\r\n          \"alt\": \"\",\r\n          \"caption\": \"<p class=\\\"_Bildunterschrift\\\"><span class=\\\"_Bildunterschrift_Kursiv\\\">Ohne Titel,<\/span> 2018<\/p><p class=\\\"_Bildunterschrift\\\">\u00d6l auf Teppichboden, 350\u2006\u00d7\u2006230\u2006cm<\/p>\"\r\n        },\r\n        {\r\n          \"type\": \"img\",\r\n          \"attid\": 121,\r\n          \"cont\": \"\/wp-content\/uploads\/2022\/04\/mirjam-walter_ein-leben-bekommen.jpg\",\r\n          \"sizes\": {\r\n            \"full\": \"\/wp-content\/uploads\/2022\/04\/mirjam-walter_ein-leben-bekommen.jpg\",\r\n            \"_1920\": \"\/wp-content\/uploads\/2022\/04\/mirjam-walter_ein-leben-bekommen-1920x1282.jpg\",\r\n            \"_1280\": \"\/wp-content\/uploads\/2022\/04\/mirjam-walter_ein-leben-bekommen-1280x854.jpg\",\r\n            \"_1024\": \"\/wp-content\/uploads\/2022\/04\/mirjam-walter_ein-leben-bekommen-1024x684.jpg\",\r\n            \"_768\": \"\/wp-content\/uploads\/2022\/04\/mirjam-walter_ein-leben-bekommen-768x513.jpg\",\r\n            \"_512\": \"\/wp-content\/uploads\/2022\/04\/mirjam-walter_ein-leben-bekommen-512x342.jpg\",\r\n            \"_265\": \"\/wp-content\/uploads\/2022\/04\/mirjam-walter_ein-leben-bekommen-265x177.jpg\"\r\n          },\r\n          \"w\": 2000,\r\n          \"h\": 1335,\r\n          \"ar\": 0.6675,\r\n          \"alt\": \"\",\r\n          \"caption\": \"<p class=\\\"_Bildunterschrift\\\">Ausstellungsansicht <span class=\\\"_Bildunterschrift_Kursiv\\\">Ein Leben bekommen<\/span><\/p>\"\r\n        },\r\n        {\r\n          \"type\": \"img\",\r\n          \"attid\": 147,\r\n          \"cont\": \"\/wp-content\/uploads\/2022\/04\/mirjam-walter_ein-leben-bekommen_3_johannes-kersting.jpg\",\r\n          \"sizes\": {\r\n            \"full\": \"\/wp-content\/uploads\/2022\/04\/mirjam-walter_ein-leben-bekommen_3_johannes-kersting.jpg\",\r\n            \"_1920\": \"\/wp-content\/uploads\/2022\/04\/mirjam-walter_ein-leben-bekommen_3_johannes-kersting-1920x1440.jpg\",\r\n            \"_1280\": \"\/wp-content\/uploads\/2022\/04\/mirjam-walter_ein-leben-bekommen_3_johannes-kersting-1280x960.jpg\",\r\n            \"_1024\": \"\/wp-content\/uploads\/2022\/04\/mirjam-walter_ein-leben-bekommen_3_johannes-kersting-1024x768.jpg\",\r\n            \"_768\": \"\/wp-content\/uploads\/2022\/04\/mirjam-walter_ein-leben-bekommen_3_johannes-kersting-768x576.jpg\",\r\n            \"_512\": \"\/wp-content\/uploads\/2022\/04\/mirjam-walter_ein-leben-bekommen_3_johannes-kersting-512x384.jpg\",\r\n            \"_265\": \"\/wp-content\/uploads\/2022\/04\/mirjam-walter_ein-leben-bekommen_3_johannes-kersting-265x199.jpg\"\r\n          },\r\n          \"w\": 2000,\r\n          \"h\": 1500,\r\n          \"ar\": 0.75,\r\n          \"alt\": \"\",\r\n          \"caption\": \"<p class=\\\"_Bildunterschrift\\\"><span class=\\\"_Bildunterschrift_Kursiv\\\">Ohne Titel,<\/span> 2018<\/p><p class=\\\"_Bildunterschrift\\\">Mischtechnik auf Nessel, 45\u2006\u00d7\u200635\u2006cm<\/p>\"\r\n        },\r\n        {\r\n          \"type\": \"img\",\r\n          \"attid\": 128,\r\n          \"cont\": \"\/wp-content\/uploads\/2022\/04\/mirjam-walter_ein-leben-bekommen_5.jpg\",\r\n          \"sizes\": {\r\n            \"full\": \"\/wp-content\/uploads\/2022\/04\/mirjam-walter_ein-leben-bekommen_5.jpg\",\r\n            \"_1920\": \"\/wp-content\/uploads\/2022\/04\/mirjam-walter_ein-leben-bekommen_5-1920x1282.jpg\",\r\n            \"_1280\": \"\/wp-content\/uploads\/2022\/04\/mirjam-walter_ein-leben-bekommen_5-1280x854.jpg\",\r\n            \"_1024\": \"\/wp-content\/uploads\/2022\/04\/mirjam-walter_ein-leben-bekommen_5-1024x684.jpg\",\r\n            \"_768\": \"\/wp-content\/uploads\/2022\/04\/mirjam-walter_ein-leben-bekommen_5-768x513.jpg\",\r\n            \"_512\": \"\/wp-content\/uploads\/2022\/04\/mirjam-walter_ein-leben-bekommen_5-512x342.jpg\",\r\n            \"_265\": \"\/wp-content\/uploads\/2022\/04\/mirjam-walter_ein-leben-bekommen_5-265x177.jpg\"\r\n          },\r\n          \"w\": 2000,\r\n          \"h\": 1335,\r\n          \"ar\": 0.6675,\r\n          \"alt\": \"\",\r\n          \"caption\": \"<p class=\\\"_Bildunterschrift\\\">Ausstellungsansicht <span class=\\\"_Bildunterschrift_Kursiv\\\">Ein Leben bekommen<\/span><\/p>\"\r\n        },\r\n        {\r\n          \"type\": \"img\",\r\n          \"attid\": 127,\r\n          \"cont\": \"\/wp-content\/uploads\/2022\/04\/mirjam-walter_ein-leben-bekommen_6.jpg\",\r\n          \"sizes\": {\r\n            \"full\": \"\/wp-content\/uploads\/2022\/04\/mirjam-walter_ein-leben-bekommen_6.jpg\",\r\n            \"_1920\": \"\/wp-content\/uploads\/2022\/04\/mirjam-walter_ein-leben-bekommen_6-1920x1282.jpg\",\r\n            \"_1280\": \"\/wp-content\/uploads\/2022\/04\/mirjam-walter_ein-leben-bekommen_6-1280x854.jpg\",\r\n            \"_1024\": \"\/wp-content\/uploads\/2022\/04\/mirjam-walter_ein-leben-bekommen_6-1024x684.jpg\",\r\n            \"_768\": \"\/wp-content\/uploads\/2022\/04\/mirjam-walter_ein-leben-bekommen_6-768x513.jpg\",\r\n            \"_512\": \"\/wp-content\/uploads\/2022\/04\/mirjam-walter_ein-leben-bekommen_6-512x342.jpg\",\r\n            \"_265\": \"\/wp-content\/uploads\/2022\/04\/mirjam-walter_ein-leben-bekommen_6-265x177.jpg\"\r\n          },\r\n          \"w\": 2000,\r\n          \"h\": 1335,\r\n          \"ar\": 0.6675,\r\n          \"alt\": \"\",\r\n          \"caption\": \"<p class=\\\"_Bildunterschrift\\\"><span class=\\\"_Bildunterschrift_Kursiv\\\">Bett unter dem Tisch,<\/span> 2019<\/p><p class=\\\"_Bildunterschrift\\\">Ton-Relief und Stirnlampe, 20\u2006\u00d7\u200627\u2006cm<\/p>\"\r\n        },\r\n        {\r\n          \"type\": \"img\",\r\n          \"attid\": 157,\r\n          \"cont\": \"\/wp-content\/uploads\/2022\/04\/mirjam-walter_ein-leben-bekommen_14_lukas-puermayer.jpg.jpg\",\r\n          \"sizes\": {\r\n            \"full\": \"\/wp-content\/uploads\/2022\/04\/mirjam-walter_ein-leben-bekommen_14_lukas-puermayer.jpg.jpg\",\r\n            \"_1920\": \"\/wp-content\/uploads\/2022\/04\/mirjam-walter_ein-leben-bekommen_14_lukas-puermayer.jpg-1920x1282.jpg\",\r\n            \"_1280\": \"\/wp-content\/uploads\/2022\/04\/mirjam-walter_ein-leben-bekommen_14_lukas-puermayer.jpg-1280x854.jpg\",\r\n            \"_1024\": \"\/wp-content\/uploads\/2022\/04\/mirjam-walter_ein-leben-bekommen_14_lukas-puermayer.jpg-1024x684.jpg\",\r\n            \"_768\": \"\/wp-content\/uploads\/2022\/04\/mirjam-walter_ein-leben-bekommen_14_lukas-puermayer.jpg-768x513.jpg\",\r\n            \"_512\": \"\/wp-content\/uploads\/2022\/04\/mirjam-walter_ein-leben-bekommen_14_lukas-puermayer.jpg-512x342.jpg\",\r\n            \"_265\": \"\/wp-content\/uploads\/2022\/04\/mirjam-walter_ein-leben-bekommen_14_lukas-puermayer.jpg-265x177.jpg\"\r\n          },\r\n          \"w\": 2000,\r\n          \"h\": 1335,\r\n          \"ar\": 0.6675,\r\n          \"alt\": \"\",\r\n          \"caption\": \"<p class=\\\"_Bildunterschrift\\\"><span class=\\\"_Bildunterschrift_Kursiv\\\">Wenn\/weil ich gro\u00df bin,<\/span> 2019<\/p><p class=\\\"_Bildunterschrift\\\">Ton und Holz, ca. 70\u2006cm<\/p>\"\r\n        },\r\n        {\r\n          \"type\": \"img\",\r\n          \"attid\": 130,\r\n          \"cont\": \"\/wp-content\/uploads\/2022\/04\/mirjam-walter_ein-leben-bekommen_9.jpg\",\r\n          \"sizes\": {\r\n            \"full\": \"\/wp-content\/uploads\/2022\/04\/mirjam-walter_ein-leben-bekommen_9.jpg\",\r\n            \"_1920\": \"\/wp-content\/uploads\/2022\/04\/mirjam-walter_ein-leben-bekommen_9-1920x1440.jpg\",\r\n            \"_1280\": \"\/wp-content\/uploads\/2022\/04\/mirjam-walter_ein-leben-bekommen_9-1280x960.jpg\",\r\n            \"_1024\": \"\/wp-content\/uploads\/2022\/04\/mirjam-walter_ein-leben-bekommen_9-1024x768.jpg\",\r\n            \"_768\": \"\/wp-content\/uploads\/2022\/04\/mirjam-walter_ein-leben-bekommen_9-768x576.jpg\",\r\n            \"_512\": \"\/wp-content\/uploads\/2022\/04\/mirjam-walter_ein-leben-bekommen_9-512x384.jpg\",\r\n            \"_265\": \"\/wp-content\/uploads\/2022\/04\/mirjam-walter_ein-leben-bekommen_9-265x199.jpg\"\r\n          },\r\n          \"w\": 2000,\r\n          \"h\": 1500,\r\n          \"ar\": 0.75,\r\n          \"alt\": \"\",\r\n          \"caption\": \"<p class=\\\"_Bildunterschrift\\\"><span class=\\\"_Bildunterschrift_Kursiv\\\">\u00c4u\u00dferungsbewegungen,<\/span> 2019<\/p><p class=\\\"_Bildunterschrift\\\">Buttermilch und Pigment auf Glas, 2,6\u2006\u00d7\u20063\u2006m<\/p>\"\r\n        },\r\n        {\r\n          \"type\": \"img\",\r\n          \"attid\": 132,\r\n          \"cont\": \"\/wp-content\/uploads\/2022\/04\/mirjam-walter_ein-leben-bekommen_10.jpg\",\r\n          \"sizes\": {\r\n            \"full\": \"\/wp-content\/uploads\/2022\/04\/mirjam-walter_ein-leben-bekommen_10.jpg\",\r\n            \"_1920\": \"\/wp-content\/uploads\/2022\/04\/mirjam-walter_ein-leben-bekommen_10-1920x1440.jpg\",\r\n            \"_1280\": \"\/wp-content\/uploads\/2022\/04\/mirjam-walter_ein-leben-bekommen_10-1280x960.jpg\",\r\n            \"_1024\": \"\/wp-content\/uploads\/2022\/04\/mirjam-walter_ein-leben-bekommen_10-1024x768.jpg\",\r\n            \"_768\": \"\/wp-content\/uploads\/2022\/04\/mirjam-walter_ein-leben-bekommen_10-768x576.jpg\",\r\n            \"_512\": \"\/wp-content\/uploads\/2022\/04\/mirjam-walter_ein-leben-bekommen_10-512x384.jpg\",\r\n            \"_265\": \"\/wp-content\/uploads\/2022\/04\/mirjam-walter_ein-leben-bekommen_10-265x199.jpg\"\r\n          },\r\n          \"w\": 2000,\r\n          \"h\": 1500,\r\n          \"ar\": 0.75,\r\n          \"alt\": \"\"\r\n        },\r\n        {\r\n          \"type\": \"img\",\r\n          \"attid\": 131,\r\n          \"cont\": \"\/wp-content\/uploads\/2022\/04\/mirjam-walter_ein-leben-bekommen_8.jpg\",\r\n          \"sizes\": {\r\n            \"full\": \"\/wp-content\/uploads\/2022\/04\/mirjam-walter_ein-leben-bekommen_8.jpg\",\r\n            \"_1920\": \"\/wp-content\/uploads\/2022\/04\/mirjam-walter_ein-leben-bekommen_8-1920x1280.jpg\",\r\n            \"_1280\": \"\/wp-content\/uploads\/2022\/04\/mirjam-walter_ein-leben-bekommen_8-1280x853.jpg\",\r\n            \"_1024\": \"\/wp-content\/uploads\/2022\/04\/mirjam-walter_ein-leben-bekommen_8-1024x682.jpg\",\r\n            \"_768\": \"\/wp-content\/uploads\/2022\/04\/mirjam-walter_ein-leben-bekommen_8-768x512.jpg\",\r\n            \"_512\": \"\/wp-content\/uploads\/2022\/04\/mirjam-walter_ein-leben-bekommen_8-512x341.jpg\",\r\n            \"_265\": \"\/wp-content\/uploads\/2022\/04\/mirjam-walter_ein-leben-bekommen_8-265x177.jpg\"\r\n          },\r\n          \"w\": 2000,\r\n          \"h\": 1333,\r\n          \"ar\": 0.6665,\r\n          \"alt\": \"\",\r\n          \"caption\": \"<p class=\\\"_Bildunterschrift\\\"><span class=\\\"_Bildunterschrift_Kursiv\\\">Ohne Titel,<\/span> 2019<\/p><p class=\\\"_Bildunterschrift\\\">Grundierung und Pigment auf Baumwolle, 50\u2006\u00d7\u200640\u2006cm<\/p>\"\r\n        },\r\n        {\r\n          \"type\": \"img\",\r\n          \"attid\": 308,\r\n          \"cont\": \"\/wp-content\/uploads\/2022\/07\/mirjam-walter_ein-leben-bekommen_13_lukas-puermayer.jpg\",\r\n          \"sizes\": {\r\n            \"full\": \"\/wp-content\/uploads\/2022\/07\/mirjam-walter_ein-leben-bekommen_13_lukas-puermayer.jpg\",\r\n            \"_1920\": \"\/wp-content\/uploads\/2022\/07\/mirjam-walter_ein-leben-bekommen_13_lukas-puermayer-1920x1281.jpg\",\r\n            \"_1280\": \"\/wp-content\/uploads\/2022\/07\/mirjam-walter_ein-leben-bekommen_13_lukas-puermayer-1280x854.jpg\",\r\n            \"_1024\": \"\/wp-content\/uploads\/2022\/07\/mirjam-walter_ein-leben-bekommen_13_lukas-puermayer-1024x683.jpg\",\r\n            \"_768\": \"\/wp-content\/uploads\/2022\/07\/mirjam-walter_ein-leben-bekommen_13_lukas-puermayer-768x512.jpg\",\r\n            \"_512\": \"\/wp-content\/uploads\/2022\/07\/mirjam-walter_ein-leben-bekommen_13_lukas-puermayer-512x342.jpg\",\r\n            \"_265\": \"\/wp-content\/uploads\/2022\/07\/mirjam-walter_ein-leben-bekommen_13_lukas-puermayer-265x177.jpg\"\r\n          },\r\n          \"w\": 2000,\r\n          \"h\": 1334,\r\n          \"ar\": 0.667,\r\n          \"alt\": \"\",\r\n          \"caption\": \"<p class=\\\"_Bildunterschrift\\\"><span class=\\\"_Bildunterschrift_Kursiv\\\">Absorbing an eruptive flux,<\/span> 2019<\/p><p class=\\\"_Bildunterschrift\\\">Mischtechnik auf Baumwolle, 70\u2006\u00d7\u2006100\u2006cm<\/p>\"\r\n        }\r\n      ],\r\n      \"absolute_position\": true\r\n    },\r\n    {\r\n      \"type\": \"text\",\r\n      \"cont\": \"<h1 class=\\\"_Ueberschrift\\\" style=\\\"text-align: left;\\\">Ein Leben bekommen<\/h1><p class=\\\"_Default\\\">Simone K\u00f6rner<\/p><p class=\\\"_Default\\\">\u00a0<\/p><p class=\\\"_Default\\\">\u00a0<\/p><p class=\\\"_Zitat\\\"><span class=\\\"_Standard_Kursiv\\\">Und doch, im n\u00e4chsten Augenblick, sobald man die\u2005T\u00fcr \u00f6ffnete, da breitete sich \u00fcber den Boden, hing an den\u2005W\u00e4nden, schwang von der Zimmerdecke \u2013 was? Meine H\u00e4nde waren leer.<\/span>*<\/p><p class=\\\"_Autorname\\\">Virginia Woolf, <span class=\\\"_Bildunterschrift_Kursiv\\\">Ein Geisterhaus<\/span>\u2003\u2003\u2003<\/p><p>\u00a0<\/p><p class=\\\"_Default\\\">Der Boden wird zur Leinwand. Die Leinwand quillt aus dem Bild und beginnt zu flie\u00dfen. Das Fluidum b\u00fcndelt sich, spritzt, um sich wieder in den Raum hinein auszudehnen. Das ist das erste was mir auff\u00e4llt, als ich Mirjams Aufbau f\u00fcr <span class=\\\"_Standard_Kursiv\\\">Ein Leben bekommen<\/span> betrete. Nichts ist hier ruhig, alles in Bewegung. Ein roter, spr\u00fchender Nippel wird mir von einer ebenso rot behandschuhten Hand entgegengesqueezed. Die <span class=\\\"s1\\\">3,5<\/span> Meter gro\u00dfe Figur ist wulstig und schwer, ihr Doppelkinn w\u00f6lbt sich m\u00e4chtig \u00fcber die Brust, deren Schmerz ich f\u00f6rmlich in meiner eigenen zu sp\u00fcren beginne. Die Teppichhaut scheint schwer bewohnbar zu sein. Ihr\/-e Inhaber\/-in schaut auf mich herab, den stillen Mund zu einem Lachen verzerrt, aus den Augen str\u00f6mt es nur so heraus. Viele Ambivalenzen, die es mit sich bringt, Tr\u00e4ger\/-in eines Busens zu sein werden hier f\u00fchlbar, ist der Busen doch allzu oft Objekt gesellschaftlicher Vorstellungen des Frauseins. Trotzdem ist es keine Dramatik, die ich w\u00e4hrend des Betrachtens empfinde, scheint der Blick der Figur auf sich selbst doch ein komischer zu sein. Sie nimmt sich in ihrem Schmerz nicht zu ernst.<\/p><p class=\\\"_Einzug\\\">Ich gehe weiter, vorbei an einem Metallgestell, das die Gr\u00f6\u00dfe des Wohnraums der K\u00fcnstlerin beschreibt. Darunter eine Leinwand, die kein Ende haben will, sie wabert aus sich heraus \u00fcber den Boden. Vorbei an einem Selbstportr\u00e4t der K\u00fcnstlerin, angezogen von dem gelben Licht, das mir aus dem letzten der drei R\u00e4ume entgegenschimmert. Schmunzelnd bleibe ich auf dem Weg dorthin vor einem sehr gro\u00dfen Paar Schuhe stehen. Diese Schuhe sind nicht zum Gehen gedacht, sie laden zum Stolpern ein\u200a\u200a: vorne bereits gebrochen, klobig und viel zu gro\u00df f\u00fcr jeden Fu\u00df. Sie sind aus\u2004Ton und wurden mit der gleichen\u2004Technik aufgebaut, wie die zwei hohen Gef\u00e4\u00dfe, die sich auch in der Ausstellung befinden. Fast schon arch\u00e4ologisch f\u00fcgen sie sich in die Fragilit\u00e4t Mirjams Landschaften ein.<\/p><p class=\\\"_Einzug\\\">Landschaften, die mich immer wieder an Kurzgeschichten Virginia Woolfs denken lassen. Jede steht f\u00fcr sich, und doch greifen sie alle ineinander ein. Die Gedanken, die ich hier finde, sprudeln und springen von einem ins n\u00e4chste, sind assoziativ und beschreiben Welten der subjektiven Erfahrung. Immer wieder zur\u00fcckgeworfen auf den Konflikt des eigenen K\u00f6rper-Seins, in einer Gesellschaft, die meint zu wissen was das bedeutet und deshalb zwanghaft versucht es zu kategorisieren. In diesen R\u00e4umen gibt es keine Akzeptanz f\u00fcr das, was eben dieses Ich-Sein beschreiben soll.<\/p><p class=\\\"_Einzug\\\">Weder f\u00fcr die eigene Geschlechtlichkeit, noch f\u00fcr das, was es hier bedeutet ein Leben zu bekommen. Die eigenen Privilegien scheinen unfassbar unangemessen. Weiter gehen. Ich befinde mich in dem kleinsten der drei R\u00e4ume. Die Fensterscheibe ist mit \u00c4hren bemalt, das hereinfallende Herbstlicht wird noch w\u00e4rmer und taucht den ganzen Raum in Gelb. Es strahlt mein pers\u00f6nliches Lieblingsbild an\u200a\u200a: Zwei Nichts fassende H\u00e4nde, die sich am Ballen ber\u00fchren. Am Punkt der Ber\u00fchrung formen sie sich zu einem Anus. Der Hintergrund ist blau.<\/p><p class=\\\"_Einzug\\\">\u00a0<\/p><p class=\\\"_Zitat\\\"><span class=\\\"_Standard_Kursiv\\\">Meine H\u00e4nde waren leer.<\/span> [\u2026] <span class=\\\"_Standard_Kursiv\\\">Einen Augenblick sp\u00e4ter war das Licht verbla\u00dft. Drau\u00dfen im Garten also\u200a\u200a? Die B\u00e4ume aber spannen Dunkelheit um einen wandernden Sonnenstrahl. So zart, so erlesen, k\u00fchl unter die Oberfl\u00e4che gesunken, brannte der Strahl, nachdem ich suchte, immer hinter dem Fensterglas. Der Tod war das Glas\u200a\u200a; der Tod war zwischen uns<\/span> [\u2026].**<\/p><p class=\\\"_Einzug\\\">\u00a0<\/p><p class=\\\"_Einzug\\\">Mirjams Arbeiten kotzen, explodieren, rei\u00dfen und spucken. Die K\u00fcnstlerin besetzt die R\u00e4ume, in denen sie arbeitet, humorvoll mit Fragilit\u00e4ten und eigenen Unzul\u00e4nglichkeiten.<\/p><p class=\\\"_Einzug\\\">Es geht hier nicht um eine Fragmentierung des Ichs in der Welt, sondern um eine Ausdehnung, die das eigene Vakuum sichtbar macht. Die K\u00f6rper, die ich sehe, beschreiben eine Gleichzeitigkeit, eine Sprunghaftigkeit, die sich nicht festlegen l\u00e4sst. Sie sind lustvoll lustlos, verschmitzt traurig und geborgen verzweifelt. Sie wollen nicht sein, sie sind und dabei werfen sie Fragen auf\u200a\u200a\u200a: Was bedeutet es eigentlich am Leben zu sein\u200a\u200a? Wie wollen wir unsere K\u00f6rperlichkeit bewohnen\u200a\u200a? Wie kann ein Begehren nach Leben aus dem eigenen festen K\u00f6rper heraus \u00fcberhaupt formuliert werden\u200a\u200a? Wie gehen wir damit um ein Leben zu bekommen\u200a\u200a?<\/p><p>\u00a0<\/p><p>\u00a0<\/p><p class=\\\"_Fussnoten\\\">*\u2002Virginia Woolf: \u203aEin Geisterhaus\u2039, in: <span class=\\\"_Fussnoten_Kursiv\\\">Die Dame im Spiegel und andere Erz\u00e4hlungen,<\/span> 1.\u00a0Aufl. Frankfurt am Main: Fischer\u2005Taschenbuch Verlag, 1978. S.\u200610.<\/p><p class=\\\"_Fussnoten\\\">**\u2002Ebd.<\/p>\",\r\n      \"align\": \"top\",\r\n      \"row\": 2,\r\n      \"col\": 0,\r\n      \"colspan\": 1,\r\n      \"offsetx\": 0,\r\n      \"offsety\": 0,\r\n      \"spaceabove\": 0,\r\n      \"spacebelow\": 0,\r\n      \"yvel\": 1,\r\n      \"push\": 0,\r\n      \"relid\": 20,\r\n      \"absolute_position\": false,\r\n      \"frameOverflow\": \"\"\r\n    }\r\n  ]\r\n}","_links":{"self":[{"href":"https:\/\/mirjamwalter.com\/de\/wp-json\/wp\/v2\/posts\/42","targetHints":{"allow":["GET"]}}],"collection":[{"href":"https:\/\/mirjamwalter.com\/de\/wp-json\/wp\/v2\/posts"}],"about":[{"href":"https:\/\/mirjamwalter.com\/de\/wp-json\/wp\/v2\/types\/post"}],"author":[{"embeddable":true,"href":"https:\/\/mirjamwalter.com\/de\/wp-json\/wp\/v2\/users\/1"}],"replies":[{"embeddable":true,"href":"https:\/\/mirjamwalter.com\/de\/wp-json\/wp\/v2\/comments?post=42"}],"version-history":[{"count":0,"href":"https:\/\/mirjamwalter.com\/de\/wp-json\/wp\/v2\/posts\/42\/revisions"}],"wp:featuredmedia":[{"embeddable":true,"href":"https:\/\/mirjamwalter.com\/de\/wp-json\/wp\/v2\/media\/124"}],"wp:attachment":[{"href":"https:\/\/mirjamwalter.com\/de\/wp-json\/wp\/v2\/media?parent=42"}],"wp:term":[{"taxonomy":"category","embeddable":true,"href":"https:\/\/mirjamwalter.com\/de\/wp-json\/wp\/v2\/categories?post=42"},{"taxonomy":"post_tag","embeddable":true,"href":"https:\/\/mirjamwalter.com\/de\/wp-json\/wp\/v2\/tags?post=42"}],"curies":[{"name":"wp","href":"https:\/\/api.w.org\/{rel}","templated":true}]}}