{"id":341,"date":"2022-08-02T13:56:12","date_gmt":"2022-03-11T12:25:17","guid":{"rendered":"https:\/\/mirjamwalter.com\/de\/ausstellungen\/ein-leben-bekommen-2\/"},"modified":"2024-09-16T22:14:44","modified_gmt":"2024-09-16T20:14:44","slug":"a-tooth-for-an-eye","status":"publish","type":"post","link":"https:\/\/mirjamwalter.com\/de\/ausstellungen\/a-tooth-for-an-eye\/","title":{"rendered":"A Tooth for an Eye"},"content":{"rendered":"","protected":false},"excerpt":{"rendered":"","protected":false},"author":1,"featured_media":501,"comment_status":"closed","ping_status":"closed","sticky":false,"template":"","format":"standard","meta":[],"categories":[9],"tags":[],"class_list":["post-341","post","type-post","status-publish","has-post-thumbnail","hentry","category-ausstellungen"],"grid":"{\r\n  \"colCount\": 18,\r\n  \"colGutter\": 1,\r\n  \"rowGutters\": [\r\n    100\r\n  ],\r\n  \"frameMargin\": 5,\r\n  \"leftFrameMargin\": 25,\r\n  \"rightFrameMargin\": 25,\r\n  \"topFrameMargin\": 0,\r\n  \"bottomFrameMargin\": 0,\r\n  \"rowAttrs\": [\r\n    {\r\n      \"bgimage\": {\r\n        \"attid\": 501,\r\n        \"url\": \"\/wp-content\/uploads\/2022\/09\/mirjam-walter_a-tooth-for-an-eye_1_foto_philipp-haenger.jpg\",\r\n        \"sizes\": {\r\n          \"_1920\": {\r\n            \"w\": 1920,\r\n            \"h\": 1282,\r\n            \"url\": \"\/wp-content\/uploads\/2022\/09\/mirjam-walter_a-tooth-for-an-eye_1_foto_philipp-haenger-1920x1282.jpg\"\r\n          },\r\n          \"_1280\": {\r\n            \"w\": 1280,\r\n            \"h\": 854,\r\n            \"url\": \"\/wp-content\/uploads\/2022\/09\/mirjam-walter_a-tooth-for-an-eye_1_foto_philipp-haenger-1280x854.jpg\"\r\n          },\r\n          \"_1024\": {\r\n            \"w\": 1024,\r\n            \"h\": 684,\r\n            \"url\": \"\/wp-content\/uploads\/2022\/09\/mirjam-walter_a-tooth-for-an-eye_1_foto_philipp-haenger-1024x684.jpg\"\r\n          },\r\n          \"_768\": {\r\n            \"w\": 768,\r\n            \"h\": 513,\r\n            \"url\": \"\/wp-content\/uploads\/2022\/09\/mirjam-walter_a-tooth-for-an-eye_1_foto_philipp-haenger-768x513.jpg\"\r\n          },\r\n          \"_512\": {\r\n            \"w\": 512,\r\n            \"h\": 342,\r\n            \"url\": \"\/wp-content\/uploads\/2022\/09\/mirjam-walter_a-tooth-for-an-eye_1_foto_philipp-haenger-512x342.jpg\"\r\n          },\r\n          \"_265\": {\r\n            \"w\": 265,\r\n            \"h\": 177,\r\n            \"url\": \"\/wp-content\/uploads\/2022\/09\/mirjam-walter_a-tooth-for-an-eye_1_foto_philipp-haenger-265x177.jpg\"\r\n          }\r\n        }\r\n      },\r\n      \"row100vh\": true\r\n    },\r\n    {\r\n      \"row100vh\": true\r\n    }\r\n  ],\r\n  \"bgColor\": \"#ffffff\",\r\n  \"cont\": [\r\n    {\r\n      \"type\": \"text\",\r\n      \"cont\": \"<p class=\\\"_Bildunterschrift\\\"><span class=\\\"_Bildunterschrift_Kursiv\\\">Ohne Titel,<\/span> 2017<\/p><p class=\\\"_Bildunterschrift\\\">Mischtechnik auf Baumwolle; triptychon, 220\u2006\u00d7\u2006170\u2006cm, 220\u2006\u00d7\u2006160\u2006cm und 220\u2006\u00d7\u2006160\u2006cm<\/p><p>\u00a0<\/p><p class=\\\"_Bildunterschrift\\\">Ausstellungsansicht <span class=\\\"_Bildunterschrift_Kursiv\\\">A Tooth for an Eye,<\/span> Regionale 19, Kunsthalle Basel, 2018<\/p>\",\r\n      \"align\": \"bottom\",\r\n      \"row\": 0,\r\n      \"col\": 0,\r\n      \"colspan\": 9,\r\n      \"offsetx\": 0,\r\n      \"offsety\": 0,\r\n      \"spaceabove\": 0,\r\n      \"spacebelow\": 20,\r\n      \"yvel\": 1,\r\n      \"push\": 0,\r\n      \"relid\": 9,\r\n      \"frameOverflow\": \"\",\r\n      \"absolute_position\": true\r\n    },\r\n    {\r\n      \"type\": \"text\",\r\n      \"cont\": \"<p style=\\\"text-align: right;\\\"><a href=\\\"https:\/\/mirjamwalter.com\/de\/ausstellungen\/a-tooth-for-an-eye-text\/\\\" data-type=\\\"project\\\" data-id=\\\"342\\\" data-title=\\\"A Tooth for an Eye Text\\\" data-catid=\\\"[9]\\\"><span style=\\\"font-size: 18px;\\\">Text zur Ausstellung<\/span><\/a><\/p>\",\r\n      \"align\": \"bottom\",\r\n      \"row\": 0,\r\n      \"col\": 11,\r\n      \"colspan\": 7,\r\n      \"offsetx\": 0,\r\n      \"offsety\": 0,\r\n      \"spaceabove\": 0,\r\n      \"spacebelow\": 20,\r\n      \"yvel\": 1,\r\n      \"push\": 11,\r\n      \"relid\": 10,\r\n      \"frameOverflow\": \"\",\r\n      \"absolute_position\": true\r\n    },\r\n    {\r\n      \"type\": \"text\",\r\n      \"cont\": \"<p><a href=\\\"https:\/\/mirjamwalter.com\/de\/ausstellungen\/stoffwechsel\/\\\" data-type=\\\"project\\\" data-id=\\\"737\\\" data-title=\\\"stoffwechsel\\\" data-catid=\\\"[9]\\\" data-hoverimageid=\\\"700\\\" data-hoverimagesmallsrc=\\\"\/wp-content\/uploads\/2024\/09\/1_Mirjam-Walter_Stoffwechsel_Galerie_fuer_Gegenwartskunst_Freiburg_2024-265x177.jpg\\\"><span class=\\\"_Standard_Kursiv\\\">stoffwechsel, <\/span><\/a><br \/><a href=\\\"https:\/\/mirjamwalter.com\/de\/ausstellungen\/stoffwechsel\/\\\" data-type=\\\"project\\\" data-id=\\\"737\\\" data-title=\\\"stoffwechsel\\\" data-catid=\\\"[9]\\\" data-hoverimageid=\\\"700\\\" data-hoverimagesmallsrc=\\\"\/wp-content\/uploads\/2024\/09\/1_Mirjam-Walter_Stoffwechsel_Galerie_fuer_Gegenwartskunst_Freiburg_2024-265x177.jpg\\\">Galerie f\u00fcr Gegenwartskunst, Freiburg, 2024<\/a><br \/><span class=\\\"_Standard_Kursiv\\\"><br \/><a href=\\\"https:\/\/mirjamwalter.com\/de\/ausstellungen\/she-reset-herself\/\\\" data-type=\\\"project\\\" data-id=\\\"631\\\" data-title=\\\"She Reset Herself\\\" data-catid=\\\"[9]\\\" data-hoverimageid=\\\"614\\\" data-hoverimagesmallsrc=\\\"\/wp-content\/uploads\/2024\/01\/1-Walter_Mirjam_Inside-200-x-125-cm-Oil-and-pastel-on-cotton-2022_photo_Jaewon-Kim-265x177.jpg\\\">She Reset Herself,<\/a><\/span><\/p><p><a href=\\\"https:\/\/mirjamwalter.com\/de\/ausstellungen\/she-reset-herself\/\\\" data-type=\\\"project\\\" data-id=\\\"631\\\" data-title=\\\"She Reset Herself\\\" data-catid=\\\"[9]\\\" data-hoverimageid=\\\"614\\\" data-hoverimagesmallsrc=\\\"\/wp-content\/uploads\/2024\/01\/1-Walter_Mirjam_Inside-200-x-125-cm-Oil-and-pastel-on-cotton-2022_photo_Jaewon-Kim-265x177.jpg\\\">HfbK Hamburg, 2023<\/a><\/p><p>\u00a0<\/p><p><a href=\\\"https:\/\/mirjamwalter.com\/de\/ausstellungen\/ungehalten\/\\\" data-type=\\\"project\\\" data-id=\\\"520\\\" data-title=\\\"Ungehalten\\\" data-catid=\\\"[9]\\\" data-hoverimageid=\\\"519\\\" data-hoverimagesmallsrc=\\\"\/wp-content\/uploads\/2022\/09\/mirjam-walter_ungehalten-18_foto_gretje-treiber-265x177.jpg\\\"><span class=\\\"_Standard_Kursiv\\\">Ungehalten,<\/span><\/a><\/p><p><a href=\\\"https:\/\/mirjamwalter.com\/de\/ausstellungen\/ungehalten\/\\\" data-type=\\\"project\\\" data-id=\\\"520\\\" data-title=\\\"Ungehalten\\\" data-catid=\\\"[9]\\\" data-hoverimageid=\\\"519\\\" data-hoverimagesmallsrc=\\\"\/wp-content\/uploads\/2022\/09\/mirjam-walter_ungehalten-18_foto_gretje-treiber-265x177.jpg\\\">Merdinger Kunstforum, 2022<\/a><\/p><p>\u00a0<\/p><p class=\\\"_Default\\\" style=\\\"text-align: left;\\\"><span class=\\\"_Standard_Kursiv\\\"><a href=\\\"https:\/\/mirjamwalter.com\/de\/ausstellungen\/unheim\/\\\" data-type=\\\"project\\\" data-id=\\\"331\\\" data-title=\\\"Unheim\\\" data-catid=\\\"[9]\\\" data-hoverimageid=\\\"309\\\" data-hoverimagesmallsrc=\\\"\/wp-content\/uploads\/2022\/08\/mirjam-walter_unheim_1_thomasz-skibicki-265x177.jpg\\\">Unheim, <\/a><\/span><br \/><a href=\\\"https:\/\/mirjamwalter.com\/de\/ausstellungen\/unheim\/\\\" data-type=\\\"project\\\" data-id=\\\"331\\\" data-title=\\\"Unheim\\\" data-catid=\\\"[9]\\\" data-hoverimageid=\\\"309\\\" data-hoverimagesmallsrc=\\\"\/wp-content\/uploads\/2022\/08\/mirjam-walter_unheim_1_thomasz-skibicki-265x177.jpg\\\">Kunstbunker N\u00fcrnberg, 2021<\/a><\/p>\",\r\n      \"align\": \"middle\",\r\n      \"row\": 1,\r\n      \"col\": 4,\r\n      \"colspan\": 5,\r\n      \"offsetx\": -1,\r\n      \"offsety\": 0,\r\n      \"spaceabove\": 0,\r\n      \"spacebelow\": 0,\r\n      \"yvel\": 1,\r\n      \"push\": 4,\r\n      \"relid\": 17,\r\n      \"frameOverflow\": \"\",\r\n      \"absolute_position\": true\r\n    },\r\n    {\r\n      \"type\": \"text\",\r\n      \"cont\": \"<p><span class=\\\"_Standard_Kursiv\\\"><a href=\\\"https:\/\/mirjamwalter.com\/de\/ausstellungen\/coiling\/\\\" data-type=\\\"project\\\" data-id=\\\"223\\\" data-title=\\\"Coiling\\\" data-catid=\\\"[9]\\\" data-hoverimageid=\\\"222\\\" data-hoverimagesmallsrc=\\\"\/wp-content\/uploads\/2022\/04\/mirjam-walter_coiling_1_laila-auburger-265x177.jpg\\\">Coiling, <\/a><br \/><a href=\\\"https:\/\/mirjamwalter.com\/de\/ausstellungen\/coiling\/\\\" data-type=\\\"project\\\" data-id=\\\"223\\\" data-title=\\\"Coiling\\\" data-catid=\\\"[9]\\\" data-hoverimageid=\\\"222\\\" data-hoverimagesmallsrc=\\\"\/wp-content\/uploads\/2022\/04\/mirjam-walter_coiling_1_laila-auburger-265x177.jpg\\\">Ausstellungshalle, AdbK N\u00fcrnberg, 2020<\/a><br \/><br \/><a href=\\\"https:\/\/mirjamwalter.com\/de\/ausstellungen\/ein-leben-bekommen\/\\\" data-hoverimageid=\\\"124\\\" data-hoverimagesmallsrc=\\\"\/wp-content\/uploads\/2022\/04\/mirjam-walter_ein-leben-bekommen_1-265x177.jpg\\\">Ein Leben bekommen, <\/a><\/span><br \/><a href=\\\"https:\/\/mirjamwalter.com\/de\/ausstellungen\/ein-leben-bekommen\/\\\" data-hoverimageid=\\\"124\\\" data-hoverimagesmallsrc=\\\"\/wp-content\/uploads\/2022\/04\/mirjam-walter_ein-leben-bekommen_1-265x177.jpg\\\">Pavillon 17, AdbK N\u00fcrnberg, 2019<\/a><\/p><p>\u00a0<\/p><p class=\\\"_Default\\\" style=\\\"text-align: left;\\\"><span class=\\\"_Standard_Kursiv\\\">A Tooth for an Eye, <\/span><br \/>Regionale 19, Kunsthalle Basel, 2018<\/p><p class=\\\"_Default\\\" style=\\\"text-align: left;\\\">\u00a0<\/p><p class=\\\"_Default\\\" style=\\\"text-align: left;\\\"><span class=\\\"_Standard_Kursiv\\\"><a href=\\\"https:\/\/mirjamwalter.com\/de\/ausstellungen\/hallo\/\\\" data-type=\\\"project\\\" data-id=\\\"335\\\" data-title=\\\"Hallo\\\" data-catid=\\\"[9]\\\" data-hoverimageid=\\\"337\\\" data-hoverimagesmallsrc=\\\"\/wp-content\/uploads\/2022\/08\/mirjam-walter_hallo_2_bernhard-strauss-265x199.jpg\\\">Hallo, <\/a><\/span><br \/><a href=\\\"https:\/\/mirjamwalter.com\/de\/ausstellungen\/hallo\/\\\" data-type=\\\"project\\\" data-id=\\\"335\\\" data-title=\\\"Hallo\\\" data-catid=\\\"[9]\\\" data-hoverimageid=\\\"337\\\" data-hoverimagesmallsrc=\\\"\/wp-content\/uploads\/2022\/08\/mirjam-walter_hallo_2_bernhard-strauss-265x199.jpg\\\">Kabuff, E-Werk Freiburg, 2018<\/a><\/p>\",\r\n      \"align\": \"middle\",\r\n      \"row\": 1,\r\n      \"col\": 10,\r\n      \"colspan\": 5,\r\n      \"offsetx\": -1,\r\n      \"offsety\": 0,\r\n      \"spaceabove\": 0,\r\n      \"spacebelow\": 0,\r\n      \"yvel\": 1,\r\n      \"push\": 10,\r\n      \"relid\": 8,\r\n      \"frameOverflow\": \"\",\r\n      \"absolute_position\": true\r\n    }\r\n  ]\r\n}","phonegrid":"{\r\n  \"colCount\": 1,\r\n  \"colGutter\": 1,\r\n  \"rowGutters\": [\r\n    \"50\",\r\n    \"0\"\r\n  ],\r\n  \"frameMargin\": 5,\r\n  \"leftFrameMargin\": 25,\r\n  \"rightFrameMargin\": 25,\r\n  \"topFrameMargin\": \"13\",\r\n  \"bottomFrameMargin\": \"40\",\r\n  \"rowAttrs\": [\r\n    [],\r\n    {\r\n      \"row100vh\": true\r\n    },\r\n    []\r\n  ],\r\n  \"bgColor\": null,\r\n  \"bgImage\": null,\r\n  \"cont\": [\r\n    {\r\n      \"type\": \"text\",\r\n      \"cont\": \"<p><span class=\\\"_Standard_Kursiv\\\">A Tooth for an Eye, <\/span><br \/>Regionale 19, Kunsthalle Basel, 2018<\/p>\",\r\n      \"align\": \"onethird\",\r\n      \"row\": 0,\r\n      \"col\": 0,\r\n      \"colspan\": 1,\r\n      \"offsetx\": 0,\r\n      \"offsety\": 0,\r\n      \"spaceabove\": 0,\r\n      \"spacebelow\": 0,\r\n      \"yvel\": 1,\r\n      \"push\": 0,\r\n      \"relid\": 276,\r\n      \"absolute_position\": false\r\n    },\r\n    {\r\n      \"type\": \"img\",\r\n      \"cont\": \"\/wp-content\/uploads\/2022\/09\/mirjam-walter_a-tooth-for-an-eye_1_foto_philipp-haenger.jpg\",\r\n      \"align\": \"top\",\r\n      \"row\": 1,\r\n      \"col\": 0,\r\n      \"colspan\": 1,\r\n      \"offsetx\": 0,\r\n      \"offsety\": 0,\r\n      \"spaceabove\": 0,\r\n      \"spacebelow\": 0,\r\n      \"yvel\": 1,\r\n      \"push\": 0,\r\n      \"relid\": 275,\r\n      \"attid\": 501,\r\n      \"sizes\": {\r\n        \"full\": \"\/wp-content\/uploads\/2022\/09\/mirjam-walter_a-tooth-for-an-eye_1_foto_philipp-haenger.jpg\",\r\n        \"_1920\": \"\/wp-content\/uploads\/2022\/09\/mirjam-walter_a-tooth-for-an-eye_1_foto_philipp-haenger-1920x1282.jpg\",\r\n        \"_1280\": \"\/wp-content\/uploads\/2022\/09\/mirjam-walter_a-tooth-for-an-eye_1_foto_philipp-haenger-1280x854.jpg\",\r\n        \"_1024\": \"\/wp-content\/uploads\/2022\/09\/mirjam-walter_a-tooth-for-an-eye_1_foto_philipp-haenger-1024x684.jpg\",\r\n        \"_768\": \"\/wp-content\/uploads\/2022\/09\/mirjam-walter_a-tooth-for-an-eye_1_foto_philipp-haenger-768x513.jpg\",\r\n        \"_512\": \"\/wp-content\/uploads\/2022\/09\/mirjam-walter_a-tooth-for-an-eye_1_foto_philipp-haenger-512x342.jpg\",\r\n        \"_265\": \"\/wp-content\/uploads\/2022\/09\/mirjam-walter_a-tooth-for-an-eye_1_foto_philipp-haenger-265x177.jpg\"\r\n      },\r\n      \"w\": 2000,\r\n      \"h\": 1335,\r\n      \"ar\": 0.6675,\r\n      \"alt\": \"\",\r\n      \"absolute_position\": true,\r\n      \"caption\": \"<p class=\\\"_Bildunterschrift\\\"><span class=\\\"_Bildunterschrift_Kursiv\\\">Ohne Titel,<\/span> 2017<\/p><p class=\\\"_Bildunterschrift\\\">Mischtechnik auf Baumwolle; triptychon, 220\u2006\u00d7\u2006170\u2006cm, 220\u2006\u00d7\u2006160\u2006cm und 220\u2006\u00d7\u2006160\u2006cm<\/p>\"\r\n    },\r\n    {\r\n      \"type\": \"text\",\r\n      \"cont\": \"<h1 class=\\\"_Ueberschrift\\\" style=\\\"text-align: left;\\\"><span style=\\\"letter-spacing: 0.15em;\\\">A Tooth for aN Eye<\/span><\/h1><p class=\\\"_Default\\\">Elena Filipovic<\/p><p class=\\\"_Default\\\">\u00a0<\/p><p class=\\\"_Default\\\">\u00a0<\/p><p class=\\\"_Zitat\\\"><span class=\\\"_Standard_Kursiv\\\">Die Figuren auf dem Triptychon von Mirjam Walter st\u00fclpen ihr Inneres fast gewaltvoll nach au\u00dfen und thematisieren malerisch K\u00f6rper, bei denen enge Setzungen zwischen Innen und Aussen, dem Selbst und den Anderen, \u00dcberschwang und Begrenzung fl\u00fcchtig und instabil sind. <\/span><\/p><p>\u00a0<\/p><p class=\\\"_Default\\\">Unsere K\u00f6rper mu\u0308ssen viel sein und viel tun. Sie sind biologische Schlachtfelder, Projektionsfl\u00e4chen fu\u0308r Fantasien, Orte der Individualit\u00e4t und Schaupl\u00e4tze politischer und sozialer Auseinandersetzung \u2013 manipuliert, transformiert, und zunehmend kommerzialisiert. Trotz ihrer Verwundbarkeit sind K\u00f6rper eine Art personalisierte Ur-Architektur und bestimmen mit, wie wir unsere Welt wahrnehmen. Im Gegenzug agieren sie als wirkungsvolle Werkzeuge, um die Welt nach ihrem Willen zu formen. Die Ausstellung <span class=\\\"_Standard_Kursiv\\\">A Tooth for an Eye<\/span> konzentriert sich auf das repr\u00e4sentative \u00c4ussere und das unergru\u0308ndliche Innere von K\u00f6rpern sowie auf die Abh\u00e4ngigkeiten, in denen sie sich bewegen (zu anderen K\u00f6rpern als auch zu sie umgebenden Objekten), und auf die Ver\u00e4nderungsm\u00f6glichkeiten, die ihnen offen stehen. Die gezeigten Arbeiten l\u00f6sen den K\u00f6rper in Rauch auf, teilen ihn in Stu\u0308cke, legen die Grenzen seiner Kontrollierbarkeit offen und untersuchen die Spuren, die er produziert und zuru\u0308ckl\u00e4sst. Wie ein K\u00f6rper ist auch die Ausstellung selbst keine best\u00e4ndige Einheit, sondern sie ver\u00e4ndert sich von Raum zu Raum in der Begegnung mit den einzelnen Werken von sechzehn Ku\u0308nstlerinnen und Ku\u0308nstlern verschiedener Generationen, deren Schaffen den K\u00f6rper und sein Umfeld verhandeln: konzeptionell, arch\u00e4ologisch, experimentell, sinnlich, expressionistisch.<\/p><p>\u00a0<\/p><p class=\\\"_Einzug\\\">Mit Camille Bres, Mona Brosch\u00e1r, Simona Deflorin, Gerome Gadient, Hannah Gahlert, Axel Gouala, Philipp H\u00e4nger, Dominik His, Jeronim Horvat, Daniel Kurth, Kaspar Ludwig, Ines P. Kubler, Claudio Rasano, Dorian Sari, Simone Steinegger und Mirjam Walter.<\/p>\",\r\n      \"align\": \"onethird\",\r\n      \"row\": 2,\r\n      \"col\": 0,\r\n      \"colspan\": 1,\r\n      \"offsetx\": 0,\r\n      \"offsety\": 0,\r\n      \"spaceabove\": 0,\r\n      \"spacebelow\": 0,\r\n      \"yvel\": 1,\r\n      \"push\": 0,\r\n      \"relid\": 277,\r\n      \"absolute_position\": false\r\n    }\r\n  ]\r\n}","_links":{"self":[{"href":"https:\/\/mirjamwalter.com\/de\/wp-json\/wp\/v2\/posts\/341","targetHints":{"allow":["GET"]}}],"collection":[{"href":"https:\/\/mirjamwalter.com\/de\/wp-json\/wp\/v2\/posts"}],"about":[{"href":"https:\/\/mirjamwalter.com\/de\/wp-json\/wp\/v2\/types\/post"}],"author":[{"embeddable":true,"href":"https:\/\/mirjamwalter.com\/de\/wp-json\/wp\/v2\/users\/1"}],"replies":[{"embeddable":true,"href":"https:\/\/mirjamwalter.com\/de\/wp-json\/wp\/v2\/comments?post=341"}],"version-history":[{"count":0,"href":"https:\/\/mirjamwalter.com\/de\/wp-json\/wp\/v2\/posts\/341\/revisions"}],"wp:featuredmedia":[{"embeddable":true,"href":"https:\/\/mirjamwalter.com\/de\/wp-json\/wp\/v2\/media\/501"}],"wp:attachment":[{"href":"https:\/\/mirjamwalter.com\/de\/wp-json\/wp\/v2\/media?parent=341"}],"wp:term":[{"taxonomy":"category","embeddable":true,"href":"https:\/\/mirjamwalter.com\/de\/wp-json\/wp\/v2\/categories?post=341"},{"taxonomy":"post_tag","embeddable":true,"href":"https:\/\/mirjamwalter.com\/de\/wp-json\/wp\/v2\/tags?post=341"}],"curies":[{"name":"wp","href":"https:\/\/api.w.org\/{rel}","templated":true}]}}